{"id":2140,"date":"2019-11-15T00:01:59","date_gmt":"2019-11-15T00:01:59","guid":{"rendered":"http:\/\/fdnoaxaca.net\/?p=2140"},"modified":"2019-11-15T00:02:01","modified_gmt":"2019-11-15T00:02:01","slug":"emiten-medidas-cautelares-a-fiscalia-y-a-autoridades-de-tlahuitoltepec-por-desaparicion-de-dos-personas","status":"publish","type":"post","link":"https:\/\/fdnoaxaca.net\/index.php\/2019\/11\/15\/emiten-medidas-cautelares-a-fiscalia-y-a-autoridades-de-tlahuitoltepec-por-desaparicion-de-dos-personas\/","title":{"rendered":"Emiten medidas cautelares a Fiscal\u00eda y a autoridades de Tlahuitoltepec por desaparici\u00f3n de dos personas"},"content":{"rendered":"\n<p>Oaxaca de Ju\u00e1rez, Oax. 14 de noviembre de 2019.- Tras la desaparici\u00f3n de un polic\u00eda municipal de la ciudad de Oaxaca y un expolic\u00eda, la Defensor\u00eda de los Derechos Humanos del Pueblo de Oaxaca (DDHPO) emiti\u00f3 medidas cautelares a la Fiscal\u00eda General de Justicia del Estado y a las autoridades locales de Santa Mar\u00eda Tlahuitoltepec. <\/p>\n\n\n\n<p>El organismo defensor inform\u00f3 que el 12 de noviembre inici\u00f3 un cuaderno de antecedentes por la desaparici\u00f3n de las dos personas y emiti\u00f3 las medidas cautelares a las instancias mencionadas a fin de que se garanticen los derechos humanos de los dos varones. <\/p>\n\n\n\n<p>En tanto, familiares de los desaparecidos interpusieron una queja ante la DDHPO, la cual se radic\u00f3 con el n\u00famero DDHPO\/2298\/(14)\/OAX\/2019. <\/p>\n\n\n\n<p>Ante estos hechos, la Defensor\u00eda de los Derechos Humanos solicit\u00f3 a la Secretar\u00eda General de Gobierno (Segego) su colaboraci\u00f3n para la b\u00fasqueda y hallazgo de los desaparecidos.<\/p>\n\n\n\n<figure class=\"wp-block-image\"><img loading=\"lazy\" decoding=\"async\" width=\"1024\" height=\"683\" src=\"http:\/\/fdnoaxaca.net\/wp-content\/uploads\/2019\/11\/PicsArt_11-14-07.15.18-1024x683.jpg\" alt=\"\" class=\"wp-image-2142\" srcset=\"https:\/\/fdnoaxaca.net\/wp-content\/uploads\/2019\/11\/PicsArt_11-14-07.15.18-1024x683.jpg 1024w, https:\/\/fdnoaxaca.net\/wp-content\/uploads\/2019\/11\/PicsArt_11-14-07.15.18-300x200.jpg 300w, https:\/\/fdnoaxaca.net\/wp-content\/uploads\/2019\/11\/PicsArt_11-14-07.15.18-768x512.jpg 768w, https:\/\/fdnoaxaca.net\/wp-content\/uploads\/2019\/11\/PicsArt_11-14-07.15.18-600x400.jpg 600w, https:\/\/fdnoaxaca.net\/wp-content\/uploads\/2019\/11\/PicsArt_11-14-07.15.18-272x182.jpg 272w\" sizes=\"auto, (max-width: 1024px) 100vw, 1024px\" \/><\/figure>\n\n\n\n<p>El 7 de noviembre, el polic\u00eda C\u00e9sar Altamirano, de 43 a\u00f1os y el expolic\u00eda Heriberto Antonio Cruz D\u00edaz, de 36 a\u00f1os, desaparecieron; el primero viajaba en una camioneta Seat tipo Alambra, y el segundo en una motocicleta. <\/p>\n\n\n\n<p>Ese mismo d\u00eda, pero en Santa Mar\u00eda Tlahuitoltepec, municipio mixe, se report\u00f3 que individuos armados ingresaron a un domicilio a alrededor de las 14:00 horas y presuntamente golpearon a una persona quien result\u00f3 lesionada y fue trasladada al hospital para recibir atenci\u00f3n m\u00e9dica. <\/p>\n\n\n\n<p>De acuerdo con reportes preliminares, debido a ello un grupo de pobladores retuvo a los dos hombres y presuntamente los lincharon. <\/p>\n\n\n\n<p>En el lugar, fue hallada una camioneta Seat tipo Alambra, la cual coincide con las caracter\u00edsticas del veh\u00edculo en el que viajaba el polic\u00eda C\u00e9sar Altamirano, de ah\u00ed que las familias suponen que los polic\u00edas habr\u00edan sido desaparecidos en esta zona de la Sierra Norte. <br>\n<\/p>\n","protected":false},"excerpt":{"rendered":"<p>Oaxaca de Ju\u00e1rez, Oax. 14 de noviembre de 2019.- Tras la desaparici\u00f3n de un polic\u00eda municipal de la ciudad de Oaxaca y un expolic\u00eda, la Defensor\u00eda de los Derechos Humanos del Pueblo de Oaxaca (DDHPO) emiti\u00f3 medidas cautelares a la Fiscal\u00eda General de Justicia del Estado y a las autoridades locales de Santa Mar\u00eda Tlahuitoltepec&#8230;.<\/p>\n","protected":false},"author":4,"featured_media":2143,"comment_status":"closed","ping_status":"closed","sticky":false,"template":"","format":"standard","meta":{"footnotes":""},"categories":[49],"tags":[],"class_list":["post-2140","post","type-post","status-publish","format-standard","has-post-thumbnail","hentry","category-titulares"],"_links":{"self":[{"href":"https:\/\/fdnoaxaca.net\/index.php\/wp-json\/wp\/v2\/posts\/2140","targetHints":{"allow":["GET"]}}],"collection":[{"href":"https:\/\/fdnoaxaca.net\/index.php\/wp-json\/wp\/v2\/posts"}],"about":[{"href":"https:\/\/fdnoaxaca.net\/index.php\/wp-json\/wp\/v2\/types\/post"}],"author":[{"embeddable":true,"href":"https:\/\/fdnoaxaca.net\/index.php\/wp-json\/wp\/v2\/users\/4"}],"replies":[{"embeddable":true,"href":"https:\/\/fdnoaxaca.net\/index.php\/wp-json\/wp\/v2\/comments?post=2140"}],"version-history":[{"count":1,"href":"https:\/\/fdnoaxaca.net\/index.php\/wp-json\/wp\/v2\/posts\/2140\/revisions"}],"predecessor-version":[{"id":2144,"href":"https:\/\/fdnoaxaca.net\/index.php\/wp-json\/wp\/v2\/posts\/2140\/revisions\/2144"}],"wp:featuredmedia":[{"embeddable":true,"href":"https:\/\/fdnoaxaca.net\/index.php\/wp-json\/wp\/v2\/media\/2143"}],"wp:attachment":[{"href":"https:\/\/fdnoaxaca.net\/index.php\/wp-json\/wp\/v2\/media?parent=2140"}],"wp:term":[{"taxonomy":"category","embeddable":true,"href":"https:\/\/fdnoaxaca.net\/index.php\/wp-json\/wp\/v2\/categories?post=2140"},{"taxonomy":"post_tag","embeddable":true,"href":"https:\/\/fdnoaxaca.net\/index.php\/wp-json\/wp\/v2\/tags?post=2140"}],"curies":[{"name":"wp","href":"https:\/\/api.w.org\/{rel}","templated":true}]}}