{"id":2201,"date":"2019-11-21T01:22:43","date_gmt":"2019-11-21T01:22:43","guid":{"rendered":"http:\/\/fdnoaxaca.net\/?p=2201"},"modified":"2019-11-21T01:22:47","modified_gmt":"2019-11-21T01:22:47","slug":"rinde-protesta-diputado-horacio-sosa-como-presidente-de-la-jucopo-en-el-congreso","status":"publish","type":"post","link":"https:\/\/fdnoaxaca.net\/index.php\/2019\/11\/21\/rinde-protesta-diputado-horacio-sosa-como-presidente-de-la-jucopo-en-el-congreso\/","title":{"rendered":"Rinde protesta diputado Horacio Sosa como presidente de la Jucopo en el Congreso"},"content":{"rendered":"\n<p>San Raymundo Jalpan, Oax. 20 de noviembre de 2019.- El diputado local por Morena, Horacio Sosa Villavicencio, rindi\u00f3 protesta como presidente de la Junta de Coordinaci\u00f3n Pol\u00edtica (Jucopo) de la 64 Legislatura del Congreso de Oaxaca, en sustituci\u00f3n de la diputada local morenista Laura Estrada Mauro.<\/p>\n\n\n\n<p>Entrevistado al concluir la sesi\u00f3n ordinaria, anunci\u00f3 que la agenda legislativa incluye la discusi\u00f3n y an\u00e1lisis de lo que ser\u00e1 el marco jur\u00eddico de la Reforma Educativa Estatal, as\u00ed como la Ley Estatal de Austeridad, uno de los ejes rectores de lo que llam\u00f3 la \u201cCuarta Transformaci\u00f3n\u201d.<\/p>\n\n\n\n<p>Con La designaci\u00f3n del diputado Horacio Sosa Villavicencio como presidente de la Jucopo, se cumple lo dispuesto en el art\u00edculo 46 de la Ley Org\u00e1nica del Poder Legislativo que dice \u201clos integrantes de la Jucopo podr\u00edan ser sustituidos temporal o definitivamente, de conformidad por las reglas internas de cada Grupo Parlamentario, o en su caso la normatividad interna del Partido Pol\u00edtico que representa\u201d.<\/p>\n\n\n\n<p>La Junta de Coordinaci\u00f3n Pol\u00edtica, presidida por el legislador Horacio Sosa Villavicencio, tambi\u00e9n la integran el coordinador parlamentario del Partido Revolucionario Institucional (PRI), Alejandro Avil\u00e9s \u00c1lvarez y el coordinador del Partido del Trabajo, No\u00e9 Doroteo Castillejos.<\/p>\n\n\n\n<p>Adem\u00e1s del coordinador parlamentario del Partido Encuentro Social (PES), Fabrizio Emir D\u00edaz Alc\u00e1zar; la coordinara del Partido Verde Ecologista de M\u00e9xico (PVEM), Aurora Bertha L\u00f3pez Acevedo y del grupo parlamentario de Mujeres Independientes (MI), Aleida Tonelly Serrano Rosado.<\/p>\n","protected":false},"excerpt":{"rendered":"<p>San Raymundo Jalpan, Oax. 20 de noviembre de 2019.- El diputado local por Morena, Horacio Sosa Villavicencio, rindi\u00f3 protesta como presidente de la Junta de Coordinaci\u00f3n Pol\u00edtica (Jucopo) de la 64 Legislatura del Congreso de Oaxaca, en sustituci\u00f3n de la diputada local morenista Laura Estrada Mauro. Entrevistado al concluir la sesi\u00f3n ordinaria, anunci\u00f3 que la&#8230;<\/p>\n","protected":false},"author":4,"featured_media":2203,"comment_status":"closed","ping_status":"closed","sticky":false,"template":"","format":"standard","meta":{"footnotes":""},"categories":[4],"tags":[],"class_list":["post-2201","post","type-post","status-publish","format-standard","has-post-thumbnail","hentry","category-general"],"_links":{"self":[{"href":"https:\/\/fdnoaxaca.net\/index.php\/wp-json\/wp\/v2\/posts\/2201","targetHints":{"allow":["GET"]}}],"collection":[{"href":"https:\/\/fdnoaxaca.net\/index.php\/wp-json\/wp\/v2\/posts"}],"about":[{"href":"https:\/\/fdnoaxaca.net\/index.php\/wp-json\/wp\/v2\/types\/post"}],"author":[{"embeddable":true,"href":"https:\/\/fdnoaxaca.net\/index.php\/wp-json\/wp\/v2\/users\/4"}],"replies":[{"embeddable":true,"href":"https:\/\/fdnoaxaca.net\/index.php\/wp-json\/wp\/v2\/comments?post=2201"}],"version-history":[{"count":1,"href":"https:\/\/fdnoaxaca.net\/index.php\/wp-json\/wp\/v2\/posts\/2201\/revisions"}],"predecessor-version":[{"id":2204,"href":"https:\/\/fdnoaxaca.net\/index.php\/wp-json\/wp\/v2\/posts\/2201\/revisions\/2204"}],"wp:featuredmedia":[{"embeddable":true,"href":"https:\/\/fdnoaxaca.net\/index.php\/wp-json\/wp\/v2\/media\/2203"}],"wp:attachment":[{"href":"https:\/\/fdnoaxaca.net\/index.php\/wp-json\/wp\/v2\/media?parent=2201"}],"wp:term":[{"taxonomy":"category","embeddable":true,"href":"https:\/\/fdnoaxaca.net\/index.php\/wp-json\/wp\/v2\/categories?post=2201"},{"taxonomy":"post_tag","embeddable":true,"href":"https:\/\/fdnoaxaca.net\/index.php\/wp-json\/wp\/v2\/tags?post=2201"}],"curies":[{"name":"wp","href":"https:\/\/api.w.org\/{rel}","templated":true}]}}