{"id":2292,"date":"2019-11-26T19:59:42","date_gmt":"2019-11-26T19:59:42","guid":{"rendered":"http:\/\/fdnoaxaca.net\/?p=2292"},"modified":"2019-11-26T19:59:45","modified_gmt":"2019-11-26T19:59:45","slug":"padres-de-familia-se-movilizaran-en-la-ciudad-de-mexico-por-conflicto-de-escuela-en-tlacolula","status":"publish","type":"post","link":"https:\/\/fdnoaxaca.net\/index.php\/2019\/11\/26\/padres-de-familia-se-movilizaran-en-la-ciudad-de-mexico-por-conflicto-de-escuela-en-tlacolula\/","title":{"rendered":"Padres de familia se movilizar\u00e1n en la Ciudad de M\u00e9xico por conflicto de escuela en Tlacolula"},"content":{"rendered":"\n<p>Oaxaca de Ju\u00e1rez, Oax. 26 de noviembre de 2019.- Padres de familia de alumnos de las primarias &#8216;Presidente L\u00f3pez Mateos&#8217; y &#8216;Sor Juana In\u00e9s de la Cruz&#8217; saldr\u00e1n en caravana de Oaxaca hacia la Ciudad de M\u00e9xico para exigir al gobierno federal la reconstrucci\u00f3n del plantel ubicada en el municipio de Tlacolula de Matamoros. <\/p>\n\n\n\n<p>Derivado del conflicto entre los tutores y la poblaci\u00f3n simpatizante con la autoridad local que mantiene suspendidas las obras, los padres de familia definieron ampliar sus movilizaciones hasta la capital del pa\u00eds. <\/p>\n\n\n\n<p>De acuerdo con la Secci\u00f3n 22 del Sindicato Nacional de Trabajadores de la Educaci\u00f3n (SNTE), el grupo de padres dar\u00e1 un mitin en el z\u00f3calo de la ciudad de Oaxaca a las 18:00 horas de este martes y despu\u00e9s a las 20:00 horas saldr\u00e1 hacia la Ciudad de M\u00e9xico, donde se instalar\u00e1n en plant\u00f3n. <\/p>\n\n\n\n<p>Prev\u00e9n colocar su campamento al llegar el mi\u00e9rcoles en la entrada principal de Palacio Nacional y posteriormente frente a la Secretar\u00eda de Educaci\u00f3n P\u00fablica (SEP) para exigir la reconstrucci\u00f3n de la primaria afectada por los sismos de septiembre de 2017 y la cual ha sido interrumpida por un conflicto interno con la autoridad local del ayuntamiento de Tlacolula, quien busca la reubicaci\u00f3n de la escuela para construir en el predio un centro comercial. <\/p>\n\n\n\n<p>La disputa por el lugar ha derivado en varias ocasiones en enfrentamientos entre padres de familia, pobladores y la Polic\u00eda Estatal.<\/p>\n\n\n\n<p>Al respecto, la Secci\u00f3n 22 del SNTE reiter\u00f3 su apoyo a los padres de familia, profesores y estudiantes de ambas instituciones educativas del nivel b\u00e1sico. <br>\n<\/p>\n","protected":false},"excerpt":{"rendered":"<p>Oaxaca de Ju\u00e1rez, Oax. 26 de noviembre de 2019.- Padres de familia de alumnos de las primarias &#8216;Presidente L\u00f3pez Mateos&#8217; y &#8216;Sor Juana In\u00e9s de la Cruz&#8217; saldr\u00e1n en caravana de Oaxaca hacia la Ciudad de M\u00e9xico para exigir al gobierno federal la reconstrucci\u00f3n del plantel ubicada en el municipio de Tlacolula de Matamoros. Derivado&#8230;<\/p>\n","protected":false},"author":4,"featured_media":2294,"comment_status":"closed","ping_status":"closed","sticky":false,"template":"","format":"standard","meta":{"footnotes":""},"categories":[49],"tags":[],"class_list":["post-2292","post","type-post","status-publish","format-standard","has-post-thumbnail","hentry","category-titulares"],"_links":{"self":[{"href":"https:\/\/fdnoaxaca.net\/index.php\/wp-json\/wp\/v2\/posts\/2292","targetHints":{"allow":["GET"]}}],"collection":[{"href":"https:\/\/fdnoaxaca.net\/index.php\/wp-json\/wp\/v2\/posts"}],"about":[{"href":"https:\/\/fdnoaxaca.net\/index.php\/wp-json\/wp\/v2\/types\/post"}],"author":[{"embeddable":true,"href":"https:\/\/fdnoaxaca.net\/index.php\/wp-json\/wp\/v2\/users\/4"}],"replies":[{"embeddable":true,"href":"https:\/\/fdnoaxaca.net\/index.php\/wp-json\/wp\/v2\/comments?post=2292"}],"version-history":[{"count":1,"href":"https:\/\/fdnoaxaca.net\/index.php\/wp-json\/wp\/v2\/posts\/2292\/revisions"}],"predecessor-version":[{"id":2295,"href":"https:\/\/fdnoaxaca.net\/index.php\/wp-json\/wp\/v2\/posts\/2292\/revisions\/2295"}],"wp:featuredmedia":[{"embeddable":true,"href":"https:\/\/fdnoaxaca.net\/index.php\/wp-json\/wp\/v2\/media\/2294"}],"wp:attachment":[{"href":"https:\/\/fdnoaxaca.net\/index.php\/wp-json\/wp\/v2\/media?parent=2292"}],"wp:term":[{"taxonomy":"category","embeddable":true,"href":"https:\/\/fdnoaxaca.net\/index.php\/wp-json\/wp\/v2\/categories?post=2292"},{"taxonomy":"post_tag","embeddable":true,"href":"https:\/\/fdnoaxaca.net\/index.php\/wp-json\/wp\/v2\/tags?post=2292"}],"curies":[{"name":"wp","href":"https:\/\/api.w.org\/{rel}","templated":true}]}}