{"id":2304,"date":"2019-11-27T01:30:11","date_gmt":"2019-11-27T01:30:11","guid":{"rendered":"http:\/\/fdnoaxaca.net\/?p=2304"},"modified":"2019-11-27T01:30:15","modified_gmt":"2019-11-27T01:30:15","slug":"te-gustaria-disenar-la-imagen-oficial-de-la-guelaguetza-2020-abren-convocatoria","status":"publish","type":"post","link":"https:\/\/fdnoaxaca.net\/index.php\/2019\/11\/27\/te-gustaria-disenar-la-imagen-oficial-de-la-guelaguetza-2020-abren-convocatoria\/","title":{"rendered":"\u00bfTe gustar\u00eda dise\u00f1ar la imagen oficial de la Guelaguetza 2020?, abren convocatoria"},"content":{"rendered":"\n<p>Oaxaca de Ju\u00e1rez, Oax. 26 de noviembre de 2019.- La Secretar\u00eda de Turismo de Oaxaca (Sectur Oaxaca) inform\u00f3 en conferencia de prensa sobre la convocatoria para participar en el concurso estatal para seleccionar la imagen oficial de \u201cJulio, mes de la Guelaguetza 2020\u201d, cuyas propuestas se reciben desde el 25 de noviembre del presente a\u00f1o, hasta el 20 de enero de 2020.<\/p>\n\n\n\n<p>El titular de la dependencia, Juan Carlos Rivera Castellanos, inform\u00f3 que esta invitaci\u00f3n est\u00e1 abierta a personas mayores de 18 a\u00f1os, nacidos en el estado, en cuya obra gr\u00e1fica sean incluidas las ocho regiones de Oaxaca. Dijo que la t\u00e9cnica de creaci\u00f3n es abierta, los trabajos deben de ser originales, in\u00e9ditos, no haber participado en otros cert\u00e1menes ni estar comprometidas para estar en otros eventos.<\/p>\n\n\n\n<figure class=\"wp-block-embed-youtube wp-block-embed is-type-video is-provider-youtube wp-embed-aspect-16-9 wp-has-aspect-ratio\"><div class=\"wp-block-embed__wrapper\">\n<iframe loading=\"lazy\" title=\"\u00bfTe gustar\u00eda dise\u00f1ar la imagen oficial de la Guelaguetza 2020?, abren convocatoria\" width=\"640\" height=\"360\" src=\"https:\/\/www.youtube.com\/embed\/PVvKNhO5Wf0?feature=oembed\" frameborder=\"0\" allow=\"accelerometer; autoplay; clipboard-write; encrypted-media; gyroscope; picture-in-picture; web-share\" referrerpolicy=\"strict-origin-when-cross-origin\" allowfullscreen><\/iframe>\n<\/div><\/figure>\n\n\n\n<p>El jurado calificador estar\u00e1 integrado por expertos en artes gr\u00e1ficas y organizadores de las festividades de los Lunes del Cerro en Oaxaca. Asimismo, la persona cuyo trabajo sea elegido como la imagen de la Guelaguetza recibir\u00e1 un apoyo econ\u00f3mico de 25 mil pesos.<\/p>\n\n\n\n<p>\u201cLa recepci\u00f3n de obras en esta administraci\u00f3n ha ido en aumento, el a\u00f1o pasado recibimos 64 obras, en a\u00f1os anteriores no rebas\u00e1bamos m\u00e1s de 30 propuestas. Este 2019 se duplicaron y esperamos lo mismo para 2020\u201d, se\u00f1al\u00f3.<\/p>\n\n\n\n<p>Rivera Castellanos puntualiz\u00f3 que hay una serie de requisitos de registro que los concursantes deben cumplir, para lo cual deben acudir a las instalaciones de la Sectur, en Avenida Ju\u00e1rez n\u00famero 703, colonia Centro, o bien ingresar a las p\u00e1ginas web: www.oaxaca.travel y www.oaxaca.gob.mx\/sectur\/ para conocer la convocatoria completa.<\/p>\n","protected":false},"excerpt":{"rendered":"<p>Oaxaca de Ju\u00e1rez, Oax. 26 de noviembre de 2019.- La Secretar\u00eda de Turismo de Oaxaca (Sectur Oaxaca) inform\u00f3 en conferencia de prensa sobre la convocatoria para participar en el concurso estatal para seleccionar la imagen oficial de \u201cJulio, mes de la Guelaguetza 2020\u201d, cuyas propuestas se reciben desde el 25 de noviembre del presente a\u00f1o,&#8230;<\/p>\n","protected":false},"author":4,"featured_media":2306,"comment_status":"closed","ping_status":"closed","sticky":false,"template":"","format":"standard","meta":{"footnotes":""},"categories":[49],"tags":[],"class_list":["post-2304","post","type-post","status-publish","format-standard","has-post-thumbnail","hentry","category-titulares"],"_links":{"self":[{"href":"https:\/\/fdnoaxaca.net\/index.php\/wp-json\/wp\/v2\/posts\/2304","targetHints":{"allow":["GET"]}}],"collection":[{"href":"https:\/\/fdnoaxaca.net\/index.php\/wp-json\/wp\/v2\/posts"}],"about":[{"href":"https:\/\/fdnoaxaca.net\/index.php\/wp-json\/wp\/v2\/types\/post"}],"author":[{"embeddable":true,"href":"https:\/\/fdnoaxaca.net\/index.php\/wp-json\/wp\/v2\/users\/4"}],"replies":[{"embeddable":true,"href":"https:\/\/fdnoaxaca.net\/index.php\/wp-json\/wp\/v2\/comments?post=2304"}],"version-history":[{"count":1,"href":"https:\/\/fdnoaxaca.net\/index.php\/wp-json\/wp\/v2\/posts\/2304\/revisions"}],"predecessor-version":[{"id":2307,"href":"https:\/\/fdnoaxaca.net\/index.php\/wp-json\/wp\/v2\/posts\/2304\/revisions\/2307"}],"wp:featuredmedia":[{"embeddable":true,"href":"https:\/\/fdnoaxaca.net\/index.php\/wp-json\/wp\/v2\/media\/2306"}],"wp:attachment":[{"href":"https:\/\/fdnoaxaca.net\/index.php\/wp-json\/wp\/v2\/media?parent=2304"}],"wp:term":[{"taxonomy":"category","embeddable":true,"href":"https:\/\/fdnoaxaca.net\/index.php\/wp-json\/wp\/v2\/categories?post=2304"},{"taxonomy":"post_tag","embeddable":true,"href":"https:\/\/fdnoaxaca.net\/index.php\/wp-json\/wp\/v2\/tags?post=2304"}],"curies":[{"name":"wp","href":"https:\/\/api.w.org\/{rel}","templated":true}]}}