{"id":2364,"date":"2019-12-03T21:13:39","date_gmt":"2019-12-03T21:13:39","guid":{"rendered":"http:\/\/fdnoaxaca.net\/?p=2364"},"modified":"2019-12-03T21:13:42","modified_gmt":"2019-12-03T21:13:42","slug":"rescata-fiscalia-a-110-personas-de-supuesto-centro-de-rehabilitacion-en-oaxaca","status":"publish","type":"post","link":"https:\/\/fdnoaxaca.net\/index.php\/2019\/12\/03\/rescata-fiscalia-a-110-personas-de-supuesto-centro-de-rehabilitacion-en-oaxaca\/","title":{"rendered":"Rescata Fiscal\u00eda a 110 personas de supuesto centro de rehabilitaci\u00f3n en Oaxaca"},"content":{"rendered":"\n<p>Oaxaca de Ju\u00e1rez, Oax. 3 de diciembre de 2019.- La Fiscal\u00eda General de Justicia del Estado rescat\u00f3 a 110 personas privadas de su libertad en un supuesto centro de rehabilitaci\u00f3n en Oaxaca, donde eran violentados sus derechos humanos. <\/p>\n\n\n\n<p>Este martes el fiscal General, Rub\u00e9n Vasconcelos M\u00e9ndez, inform\u00f3 del operativo implementado en un domicilio de San Antonio de la Cal, municipio cercano a la ciudad de Oaxaca, luego de una denuncia recibida. <\/p>\n\n\n\n<p>&#8220;Estamos haciendo todo un proceso de atenci\u00f3n a las v\u00edctimas, reintegr\u00e1ndolos a sus familias, buscando en algunos casos que sean atendidos, la mayor\u00eda de ellos estaba ah\u00ed por adicciones&#8221;, indic\u00f3. <\/p>\n\n\n\n<p>Entre las personas rescatadas se encuentran 14 mujeres y 14 menores entre 11 y 16 a\u00f1os, quienes estaban en el supuesto centro de rehabilitaci\u00f3n para ser atendidos por sus adicciones. <\/p>\n\n\n\n<p>La Fiscal\u00eda General de Justicia confirm\u00f3 que en este lugar eran violados los derechos humanos de las personas, por lo que fueron rescatadas. Durante el operativo, seis personas fueron detenidas y puestas a disposici\u00f3n de la autoridad judicial por violaci\u00f3n a los derechos humanos.<\/p>\n\n\n\n<p>El centro de rehabilitaci\u00f3n operaba de manera ilegal, de acuerdo con la informaci\u00f3n del Fiscal. <br><br><\/p>\n","protected":false},"excerpt":{"rendered":"<p>Oaxaca de Ju\u00e1rez, Oax. 3 de diciembre de 2019.- La Fiscal\u00eda General de Justicia del Estado rescat\u00f3 a 110 personas privadas de su libertad en un supuesto centro de rehabilitaci\u00f3n en Oaxaca, donde eran violentados sus derechos humanos. Este martes el fiscal General, Rub\u00e9n Vasconcelos M\u00e9ndez, inform\u00f3 del operativo implementado en un domicilio de San&#8230;<\/p>\n","protected":false},"author":4,"featured_media":2366,"comment_status":"closed","ping_status":"closed","sticky":false,"template":"","format":"standard","meta":{"footnotes":""},"categories":[49],"tags":[],"class_list":["post-2364","post","type-post","status-publish","format-standard","has-post-thumbnail","hentry","category-titulares"],"_links":{"self":[{"href":"https:\/\/fdnoaxaca.net\/index.php\/wp-json\/wp\/v2\/posts\/2364","targetHints":{"allow":["GET"]}}],"collection":[{"href":"https:\/\/fdnoaxaca.net\/index.php\/wp-json\/wp\/v2\/posts"}],"about":[{"href":"https:\/\/fdnoaxaca.net\/index.php\/wp-json\/wp\/v2\/types\/post"}],"author":[{"embeddable":true,"href":"https:\/\/fdnoaxaca.net\/index.php\/wp-json\/wp\/v2\/users\/4"}],"replies":[{"embeddable":true,"href":"https:\/\/fdnoaxaca.net\/index.php\/wp-json\/wp\/v2\/comments?post=2364"}],"version-history":[{"count":1,"href":"https:\/\/fdnoaxaca.net\/index.php\/wp-json\/wp\/v2\/posts\/2364\/revisions"}],"predecessor-version":[{"id":2367,"href":"https:\/\/fdnoaxaca.net\/index.php\/wp-json\/wp\/v2\/posts\/2364\/revisions\/2367"}],"wp:featuredmedia":[{"embeddable":true,"href":"https:\/\/fdnoaxaca.net\/index.php\/wp-json\/wp\/v2\/media\/2366"}],"wp:attachment":[{"href":"https:\/\/fdnoaxaca.net\/index.php\/wp-json\/wp\/v2\/media?parent=2364"}],"wp:term":[{"taxonomy":"category","embeddable":true,"href":"https:\/\/fdnoaxaca.net\/index.php\/wp-json\/wp\/v2\/categories?post=2364"},{"taxonomy":"post_tag","embeddable":true,"href":"https:\/\/fdnoaxaca.net\/index.php\/wp-json\/wp\/v2\/tags?post=2364"}],"curies":[{"name":"wp","href":"https:\/\/api.w.org\/{rel}","templated":true}]}}