{"id":2492,"date":"2019-12-20T01:28:54","date_gmt":"2019-12-20T01:28:54","guid":{"rendered":"http:\/\/fdnoaxaca.net\/?p=2492"},"modified":"2019-12-20T01:28:58","modified_gmt":"2019-12-20T01:28:58","slug":"arranca-alebrijes-su-pretemporada","status":"publish","type":"post","link":"https:\/\/fdnoaxaca.net\/index.php\/2019\/12\/20\/arranca-alebrijes-su-pretemporada\/","title":{"rendered":"Arranca Alebrijes su pretemporada"},"content":{"rendered":"\n<p>Oaxaca de Ju\u00e1rez, Oax. 19 de diciembre de 2019.- Despu\u00e9s de tomar 10 d\u00edas de descanso, el equipo de Alebrijes de Oaxaca regres\u00f3 a la actividad al arrancar la pretemporada de cara al torneo Clausura 2020 del Ascenso Mx del balompi\u00e9 profesional.<\/p>\n\n\n\n<p>El presidente del equipo Juan Carlos Jones; refrend\u00f3 el compromiso de pelear por el\u00a0\u00a0bicampeonato y con ello el ascenso directo a la Liga Mx.<\/p>\n\n\n\n<figure class=\"wp-block-image\"><img loading=\"lazy\" decoding=\"async\" width=\"1024\" height=\"682\" src=\"http:\/\/fdnoaxaca.net\/wp-content\/uploads\/2019\/12\/Alebrijes6-1024x682.jpeg\" alt=\"\" class=\"wp-image-2494\" srcset=\"https:\/\/fdnoaxaca.net\/wp-content\/uploads\/2019\/12\/Alebrijes6-1024x682.jpeg 1024w, https:\/\/fdnoaxaca.net\/wp-content\/uploads\/2019\/12\/Alebrijes6-300x200.jpeg 300w, https:\/\/fdnoaxaca.net\/wp-content\/uploads\/2019\/12\/Alebrijes6-768x512.jpeg 768w, https:\/\/fdnoaxaca.net\/wp-content\/uploads\/2019\/12\/Alebrijes6-600x400.jpeg 600w, https:\/\/fdnoaxaca.net\/wp-content\/uploads\/2019\/12\/Alebrijes6-272x182.jpeg 272w, https:\/\/fdnoaxaca.net\/wp-content\/uploads\/2019\/12\/Alebrijes6.jpeg 1280w\" sizes=\"auto, (max-width: 1024px) 100vw, 1024px\" \/><\/figure>\n\n\n\n<p>Para el inicio de la pretemporada se tiene confirmada la continuidad de la mayor\u00eda del plantel encabezados por el capit\u00e1n Javier Ledesma, Francisco Canales, Giovanni L\u00e9on, C\u00e9sar Cercado, Mario Orozco, \u00c9dgar Alaffita, Mois\u00e9s Velasco, Daniel Cisneros, Leandro Rodr\u00edguez, Diego Jim\u00e9nez por citar algunos; esta semana se integrar\u00e1 el refuerzo Alonso Hern\u00e1ndez y se espera la llegada de dos refuerzos m\u00e1s junto a Franco Arizala.<\/p>\n\n\n\n<p>Alebrijes buscar\u00e1 en el Clausura 2020 concretar el objetivo de convertirse en integrante del m\u00e1ximo circuito del f\u00fatbol mexicano y convertir a Oaxaca como una plaza de primera divisi\u00f3n.<\/p>\n\n\n\n<figure class=\"wp-block-image\"><img loading=\"lazy\" decoding=\"async\" width=\"1024\" height=\"682\" src=\"http:\/\/fdnoaxaca.net\/wp-content\/uploads\/2019\/12\/Alebrijes5-1024x682.jpeg\" alt=\"\" class=\"wp-image-2495\" srcset=\"https:\/\/fdnoaxaca.net\/wp-content\/uploads\/2019\/12\/Alebrijes5-1024x682.jpeg 1024w, https:\/\/fdnoaxaca.net\/wp-content\/uploads\/2019\/12\/Alebrijes5-300x200.jpeg 300w, https:\/\/fdnoaxaca.net\/wp-content\/uploads\/2019\/12\/Alebrijes5-768x512.jpeg 768w, https:\/\/fdnoaxaca.net\/wp-content\/uploads\/2019\/12\/Alebrijes5-600x400.jpeg 600w, https:\/\/fdnoaxaca.net\/wp-content\/uploads\/2019\/12\/Alebrijes5-272x182.jpeg 272w, https:\/\/fdnoaxaca.net\/wp-content\/uploads\/2019\/12\/Alebrijes5.jpeg 1280w\" sizes=\"auto, (max-width: 1024px) 100vw, 1024px\" \/><\/figure>\n\n\n\n<p>(Informaci\u00f3n y fotograf\u00edas: Territorio Score)&nbsp;<\/p>\n","protected":false},"excerpt":{"rendered":"<p>Oaxaca de Ju\u00e1rez, Oax. 19 de diciembre de 2019.- Despu\u00e9s de tomar 10 d\u00edas de descanso, el equipo de Alebrijes de Oaxaca regres\u00f3 a la actividad al arrancar la pretemporada de cara al torneo Clausura 2020 del Ascenso Mx del balompi\u00e9 profesional. El presidente del equipo Juan Carlos Jones; refrend\u00f3 el compromiso de pelear por&#8230;<\/p>\n","protected":false},"author":4,"featured_media":2495,"comment_status":"closed","ping_status":"closed","sticky":false,"template":"","format":"standard","meta":{"footnotes":""},"categories":[50],"tags":[],"class_list":["post-2492","post","type-post","status-publish","format-standard","has-post-thumbnail","hentry","category-suplementos"],"_links":{"self":[{"href":"https:\/\/fdnoaxaca.net\/index.php\/wp-json\/wp\/v2\/posts\/2492","targetHints":{"allow":["GET"]}}],"collection":[{"href":"https:\/\/fdnoaxaca.net\/index.php\/wp-json\/wp\/v2\/posts"}],"about":[{"href":"https:\/\/fdnoaxaca.net\/index.php\/wp-json\/wp\/v2\/types\/post"}],"author":[{"embeddable":true,"href":"https:\/\/fdnoaxaca.net\/index.php\/wp-json\/wp\/v2\/users\/4"}],"replies":[{"embeddable":true,"href":"https:\/\/fdnoaxaca.net\/index.php\/wp-json\/wp\/v2\/comments?post=2492"}],"version-history":[{"count":1,"href":"https:\/\/fdnoaxaca.net\/index.php\/wp-json\/wp\/v2\/posts\/2492\/revisions"}],"predecessor-version":[{"id":2496,"href":"https:\/\/fdnoaxaca.net\/index.php\/wp-json\/wp\/v2\/posts\/2492\/revisions\/2496"}],"wp:featuredmedia":[{"embeddable":true,"href":"https:\/\/fdnoaxaca.net\/index.php\/wp-json\/wp\/v2\/media\/2495"}],"wp:attachment":[{"href":"https:\/\/fdnoaxaca.net\/index.php\/wp-json\/wp\/v2\/media?parent=2492"}],"wp:term":[{"taxonomy":"category","embeddable":true,"href":"https:\/\/fdnoaxaca.net\/index.php\/wp-json\/wp\/v2\/categories?post=2492"},{"taxonomy":"post_tag","embeddable":true,"href":"https:\/\/fdnoaxaca.net\/index.php\/wp-json\/wp\/v2\/tags?post=2492"}],"curies":[{"name":"wp","href":"https:\/\/api.w.org\/{rel}","templated":true}]}}