{"id":2608,"date":"2020-01-08T20:04:49","date_gmt":"2020-01-08T20:04:49","guid":{"rendered":"http:\/\/fdnoaxaca.net\/?p=2608"},"modified":"2020-01-08T20:04:51","modified_gmt":"2020-01-08T20:04:51","slug":"haran-foro-para-etapa-deliberativa-sobre-ley-de-consulta-indigena-en-oaxaca","status":"publish","type":"post","link":"https:\/\/fdnoaxaca.net\/index.php\/2020\/01\/08\/haran-foro-para-etapa-deliberativa-sobre-ley-de-consulta-indigena-en-oaxaca\/","title":{"rendered":"Har\u00e1n foro para etapa deliberativa sobre ley de consulta ind\u00edgena en Oaxaca"},"content":{"rendered":"\n<p>San Raymundo Jalpan, Oax. 8 de enero de 2020.- El pr\u00f3ximo 13 de enero del presente a\u00f1o se llevar\u00e1 a cabo el Foro Consultivo Estatal, que forma parte de la etapa deliberativa de la construcci\u00f3n de Ley de Consulta Previa, Libre e Informada para los Pueblos Ind\u00edgenas y Afromexicano del estado de Oaxaca, promovida y desarrollada por los diputados de la 64 Legislatura local. <\/p>\n\n\n\n<p>Mismo&nbsp; que tendr\u00e1 lugar en las instalaciones del recinto legislativo en San Raymundo Jalpan a las 10:00 horas. <\/p>\n\n\n\n<p>En esta etapa la comunidad o comunidades consultadas analizar\u00e1n la informaci\u00f3n proporcionada en la etapa consultuiva en los foros realizados en las ocho regiones del estado.<\/p>\n\n\n\n<p>La diputada Gloria S\u00e1nchez L\u00f3pez, presidenta de la Comisi\u00f3n Permanente de Asuntos Ind\u00edgenas y Migraci\u00f3n, explic\u00f3 que durante esta \u00faltima etapa de la construcci\u00f3n de la Ley de Consulta Ind\u00edgena, se presentar\u00e1 la versi\u00f3n final del proyecto de ley, con las modificaciones y adiciones derivadas de las propuestas presentadas en los foros en sus etapas, informativa y consultiva, dicho proyecto de ley se someter\u00e1 a su consentimiento, para posteriormente ser presentado al Pleno legislativo para su aprobaci\u00f3n.<\/p>\n\n\n\n<p>La legisladora resalt\u00f3 la participaci\u00f3n de los habitantes de los Pueblos y Comunidades&nbsp; Ind\u00edgenas y Afromexicanos en los diversos foros regionales previamente desarrollados en las ocho regiones del estado, durante los cuales, la ciudadan\u00eda expres\u00f3 sus observaciones y propuestas al proyecto de Ley de Consulta Ind\u00edgena.<\/p>\n\n\n\n<p>Gloria S\u00e1nchez reconoci\u00f3 el trabajo y dedicaci\u00f3n que&nbsp; los congresistas oaxaque\u00f1os, porque dijo, en un hecho in\u00e9dito, de forma conjunta a 30 a\u00f1os de la declaraci\u00f3n de las Naciones Unidas por los Derechos de los Pueblos Ind\u00edgenas, establecido en el convenio 169 de la OIT (sobre los Pueblos Ind\u00edgenas y Tribales), y a 18 a\u00f1os de la aprobaci\u00f3n de la reforma al art\u00edculo 2 de la Constituci\u00f3n Mexicana, en materia de derechos ind\u00edgenas, por fin Oaxaca contar\u00e1 con una ley que reconozca y garantice el derecho a la Consulta Previa, Libre e informada de los Pueblos ind\u00edgenas y Afromexicano del Estado, para la defensa de sus recursos naturales, tierras y territorios.&nbsp;&nbsp; <\/p>\n\n\n\n<p>Los trabajos de la construcci\u00f3n de Ley de Consulta Previa, Libre e Informada para los Pueblos Ind\u00edgenas y Afromexicano son coordinados por los integrantes de las Comisiones Permanentes de Asuntos Ind\u00edgenas y Migraci\u00f3n, presidida por la diputada Gloria S\u00e1nchez L\u00f3pez e integrada por Laura Estrada Mauro, Mar\u00eda Lilia Arcelia Mendoza Cruz y los legisladores Sa\u00fal Cruz Jim\u00e9nez, Emilio Joaqu\u00edn Garc\u00eda Aguilar.<\/p>\n\n\n\n<p>La Comisi\u00f3n de Administraci\u00f3n y Procuraci\u00f3n de Justicia presidida por la diputada Elisa Zepeda Lagunas e integrada por Magaly L\u00f3pez Dom\u00ednguez, Karina Espino Carmona, Jorge Villaca\u00f1a Jim\u00e9nez y No\u00e9 Doroteo Castillejos.<\/p>\n\n\n\n<p>La Comisi\u00f3n de Derechos Humanos presidida por la diputada Magaly L\u00f3pez Dom\u00ednguez e integrada por Victoria Cruz Villar, Magda Rend\u00f3n Tirado, Elisa Zepeda Lagunas e Hilda P\u00e9rez Luis.<\/p>\n\n\n\n<p>Y la Comisi\u00f3n de Democracia y Participaci\u00f3n Ciudadana presidida por la legisladora Arcelia L\u00f3pez Hern\u00e1ndez e integrada por Delfina Elizabeth Guzm\u00e1n D\u00edaz, Mar\u00eda de Jes\u00fas Mendoza y Arsenio Lorenzo Mej\u00eda Garc\u00eda.<\/p>\n","protected":false},"excerpt":{"rendered":"<p>San Raymundo Jalpan, Oax. 8 de enero de 2020.- El pr\u00f3ximo 13 de enero del presente a\u00f1o se llevar\u00e1 a cabo el Foro Consultivo Estatal, que forma parte de la etapa deliberativa de la construcci\u00f3n de Ley de Consulta Previa, Libre e Informada para los Pueblos Ind\u00edgenas y Afromexicano del estado de Oaxaca, promovida y&#8230;<\/p>\n","protected":false},"author":4,"featured_media":2610,"comment_status":"closed","ping_status":"closed","sticky":false,"template":"","format":"standard","meta":{"footnotes":""},"categories":[4],"tags":[],"class_list":["post-2608","post","type-post","status-publish","format-standard","has-post-thumbnail","hentry","category-general"],"_links":{"self":[{"href":"https:\/\/fdnoaxaca.net\/index.php\/wp-json\/wp\/v2\/posts\/2608","targetHints":{"allow":["GET"]}}],"collection":[{"href":"https:\/\/fdnoaxaca.net\/index.php\/wp-json\/wp\/v2\/posts"}],"about":[{"href":"https:\/\/fdnoaxaca.net\/index.php\/wp-json\/wp\/v2\/types\/post"}],"author":[{"embeddable":true,"href":"https:\/\/fdnoaxaca.net\/index.php\/wp-json\/wp\/v2\/users\/4"}],"replies":[{"embeddable":true,"href":"https:\/\/fdnoaxaca.net\/index.php\/wp-json\/wp\/v2\/comments?post=2608"}],"version-history":[{"count":1,"href":"https:\/\/fdnoaxaca.net\/index.php\/wp-json\/wp\/v2\/posts\/2608\/revisions"}],"predecessor-version":[{"id":2611,"href":"https:\/\/fdnoaxaca.net\/index.php\/wp-json\/wp\/v2\/posts\/2608\/revisions\/2611"}],"wp:featuredmedia":[{"embeddable":true,"href":"https:\/\/fdnoaxaca.net\/index.php\/wp-json\/wp\/v2\/media\/2610"}],"wp:attachment":[{"href":"https:\/\/fdnoaxaca.net\/index.php\/wp-json\/wp\/v2\/media?parent=2608"}],"wp:term":[{"taxonomy":"category","embeddable":true,"href":"https:\/\/fdnoaxaca.net\/index.php\/wp-json\/wp\/v2\/categories?post=2608"},{"taxonomy":"post_tag","embeddable":true,"href":"https:\/\/fdnoaxaca.net\/index.php\/wp-json\/wp\/v2\/tags?post=2608"}],"curies":[{"name":"wp","href":"https:\/\/api.w.org\/{rel}","templated":true}]}}