{"id":2620,"date":"2020-01-14T14:48:55","date_gmt":"2020-01-14T14:48:55","guid":{"rendered":"http:\/\/fdnoaxaca.net\/?p=2620"},"modified":"2020-01-14T14:49:08","modified_gmt":"2020-01-14T14:49:08","slug":"haran-simulacro-de-evacuacion-por-sismo-en-oaxaca","status":"publish","type":"post","link":"https:\/\/fdnoaxaca.net\/index.php\/2020\/01\/14\/haran-simulacro-de-evacuacion-por-sismo-en-oaxaca\/","title":{"rendered":"Har\u00e1n simulacro de evacuaci\u00f3n por sismo en Oaxaca"},"content":{"rendered":"\n<p>Oaxaca de Ju\u00e1rez, Oax. 14 de enero de 2020.- Ante la actividad s\u00edsmica en Oaxaca, el gobierno alista un simulacro de evacuaci\u00f3n por este tipo de fen\u00f3menos naturales para fomentar la cultura de protecci\u00f3n civil. <\/p>\n\n\n\n<p>El macro simulacro ser\u00e1 el 20 de enero a las 11:00 horas con la hip\u00f3tesis planteada por la Coordinaci\u00f3n Estatal de Protecci\u00f3n Civil de Oaxaca, de un sismo de una supuesta magnitud de 7.9 grados con epicentro en el municipio de Santa Luc\u00eda Miahuatl\u00e1n, en la regi\u00f3n de la Sierra Sur, con una profundidad de 50 kil\u00f3metros y una duraci\u00f3n de 16 segundos.<\/p>\n\n\n\n<p>El jefe del Departamento de Formaci\u00f3n y Capacitaci\u00f3n del ayuntamiento de la ciudad de Oaxaca, Juan Ignacio Hern\u00e1ndez Velasco, inform\u00f3 que ese d\u00eda se activar\u00e1n las bocinas del Sistema de Alerta S\u00edsmica para la ciudad de Oaxaca (SASO) y habr\u00e1 un supuesto de afectaciones en la red hospitalaria, instituciones educativas, servicios p\u00fablicos y las plantas productivas de municipios del Istmo, Costa, Sierra Sur y Valles Centrales.<\/p>\n\n\n\n<p>En el caso de la capital oaxaque\u00f1a, el ayuntamiento capitalino se sumar\u00e1 en la ejecuci\u00f3n de dos escenarios hipot\u00e9ticos de evacuaci\u00f3n total, uno que se llevar\u00e1 a cabo en el Palacio Municipal y, el segundo, en el edificio ubicado en la calle de Jos\u00e9 Mar\u00eda Pino Su\u00e1rez, n\u00famero 702 C.<\/p>\n\n\n\n<p>Oaxaca ocupa el primer lugar en el pa\u00eds por la ocurrencia de sismos. <br>\n<\/p>\n","protected":false},"excerpt":{"rendered":"<p>Oaxaca de Ju\u00e1rez, Oax. 14 de enero de 2020.- Ante la actividad s\u00edsmica en Oaxaca, el gobierno alista un simulacro de evacuaci\u00f3n por este tipo de fen\u00f3menos naturales para fomentar la cultura de protecci\u00f3n civil. El macro simulacro ser\u00e1 el 20 de enero a las 11:00 horas con la hip\u00f3tesis planteada por la Coordinaci\u00f3n Estatal&#8230;<\/p>\n","protected":false},"author":4,"featured_media":2623,"comment_status":"closed","ping_status":"closed","sticky":false,"template":"","format":"standard","meta":{"footnotes":""},"categories":[4],"tags":[],"class_list":["post-2620","post","type-post","status-publish","format-standard","has-post-thumbnail","hentry","category-general"],"_links":{"self":[{"href":"https:\/\/fdnoaxaca.net\/index.php\/wp-json\/wp\/v2\/posts\/2620","targetHints":{"allow":["GET"]}}],"collection":[{"href":"https:\/\/fdnoaxaca.net\/index.php\/wp-json\/wp\/v2\/posts"}],"about":[{"href":"https:\/\/fdnoaxaca.net\/index.php\/wp-json\/wp\/v2\/types\/post"}],"author":[{"embeddable":true,"href":"https:\/\/fdnoaxaca.net\/index.php\/wp-json\/wp\/v2\/users\/4"}],"replies":[{"embeddable":true,"href":"https:\/\/fdnoaxaca.net\/index.php\/wp-json\/wp\/v2\/comments?post=2620"}],"version-history":[{"count":1,"href":"https:\/\/fdnoaxaca.net\/index.php\/wp-json\/wp\/v2\/posts\/2620\/revisions"}],"predecessor-version":[{"id":2624,"href":"https:\/\/fdnoaxaca.net\/index.php\/wp-json\/wp\/v2\/posts\/2620\/revisions\/2624"}],"wp:featuredmedia":[{"embeddable":true,"href":"https:\/\/fdnoaxaca.net\/index.php\/wp-json\/wp\/v2\/media\/2623"}],"wp:attachment":[{"href":"https:\/\/fdnoaxaca.net\/index.php\/wp-json\/wp\/v2\/media?parent=2620"}],"wp:term":[{"taxonomy":"category","embeddable":true,"href":"https:\/\/fdnoaxaca.net\/index.php\/wp-json\/wp\/v2\/categories?post=2620"},{"taxonomy":"post_tag","embeddable":true,"href":"https:\/\/fdnoaxaca.net\/index.php\/wp-json\/wp\/v2\/tags?post=2620"}],"curies":[{"name":"wp","href":"https:\/\/api.w.org\/{rel}","templated":true}]}}