{"id":2796,"date":"2020-02-06T17:23:55","date_gmt":"2020-02-06T17:23:55","guid":{"rendered":"http:\/\/fdnoaxaca.net\/?p=2796"},"modified":"2020-02-06T17:23:58","modified_gmt":"2020-02-06T17:23:58","slug":"mantiene-steuabjo-huelga-en-oaxaca-y-se-moviliza-en-la-capital-del-pais","status":"publish","type":"post","link":"https:\/\/fdnoaxaca.net\/index.php\/2020\/02\/06\/mantiene-steuabjo-huelga-en-oaxaca-y-se-moviliza-en-la-capital-del-pais\/","title":{"rendered":"Mantiene STEUABJO huelga en Oaxaca y se moviliza en la capital del pa\u00eds"},"content":{"rendered":"\n<p>Oaxaca de Ju\u00e1rez, Oax. 6 de febrero de 2020.- Mientras el Sindicato de Trabajadores y Empleados de la Universidad Aut\u00f3noma &#8216;Benito Ju\u00e1rez&#8217; de Oaxaca (STEUABJO) mantiene desde hace seis d\u00edas una huelga en la universidad p\u00fablica del estado, una representaci\u00f3n se moviliz\u00f3 este jueves en la capital del pa\u00eds para solicitar al presidente Andr\u00e9s Manuel L\u00f3pez Obrador su intervenci\u00f3n. <\/p>\n\n\n\n<p>Durante la ma\u00f1ana de este jueves, una comisi\u00f3n del sindicato protest\u00f3 frente a Palacio Nacional de la ciudad de M\u00e9xico, para demandar la intervenci\u00f3n del presidente en la atenci\u00f3n de sus demandas, entre las cuales destacan la solicitud del incremento de un 20 por ciento a su salario pese a la crisis que enfrenta la UABJO. <\/p>\n\n\n\n<p>Desde el 1 de febrero el STEUABJO empez\u00f3 una huelga en Ciudad Universitaria y en todas las escuelas pertenecientes a esta universidad p\u00fablica tanto en la ciudad de como al interior del estado.<\/p>\n\n\n\n<figure class=\"wp-block-embed-youtube wp-block-embed is-type-video is-provider-youtube wp-embed-aspect-16-9 wp-has-aspect-ratio\"><div class=\"wp-block-embed__wrapper\">\n<iframe loading=\"lazy\" title=\"Mantiene STEUABJO huelga en Oaxaca y se moviliza en la capital del pa\u00eds\" width=\"640\" height=\"360\" src=\"https:\/\/www.youtube.com\/embed\/04SnvGYJ5vc?feature=oembed\" frameborder=\"0\" allow=\"accelerometer; autoplay; clipboard-write; encrypted-media; gyroscope; picture-in-picture; web-share\" referrerpolicy=\"strict-origin-when-cross-origin\" allowfullscreen><\/iframe>\n<\/div><\/figure>\n\n\n\n<p>Desde entonces mantiene en su poder las instalaciones de todas las sedes de la UABJO, en exigencia de un incremento salarial del 20%, el otorgamiento de plazas sindicales, el aumento de otras prestaciones y la inclusi\u00f3n de otras nuevas en su contrato colectivo. <\/p>\n\n\n\n<p>Al respecto, el rector de la UABJO, Eduardo Bautista Mart\u00ednez, indic\u00f3 que no est\u00e1n en posibilidades econ\u00f3micas para cumplir con las peticiones de este sindicato. <\/p>\n\n\n\n<p>Esta universidad p\u00fablica de Oaxaca enfrenta una crisis, que origin\u00f3 que en la primera quincena de enero se quedara sin recurso para pagar la n\u00f3mina a sus trabajadores. <\/p>\n\n\n\n<p>La huelga afecta a m\u00e1s de 26 mil estudiantes en Oaxaca. <br><\/p>\n","protected":false},"excerpt":{"rendered":"<p>Oaxaca de Ju\u00e1rez, Oax. 6 de febrero de 2020.- Mientras el Sindicato de Trabajadores y Empleados de la Universidad Aut\u00f3noma &#8216;Benito Ju\u00e1rez&#8217; de Oaxaca (STEUABJO) mantiene desde hace seis d\u00edas una huelga en la universidad p\u00fablica del estado, una representaci\u00f3n se moviliz\u00f3 este jueves en la capital del pa\u00eds para solicitar al presidente Andr\u00e9s Manuel&#8230;<\/p>\n","protected":false},"author":4,"featured_media":2798,"comment_status":"closed","ping_status":"closed","sticky":false,"template":"","format":"standard","meta":{"footnotes":""},"categories":[49],"tags":[],"class_list":["post-2796","post","type-post","status-publish","format-standard","has-post-thumbnail","hentry","category-titulares"],"_links":{"self":[{"href":"https:\/\/fdnoaxaca.net\/index.php\/wp-json\/wp\/v2\/posts\/2796","targetHints":{"allow":["GET"]}}],"collection":[{"href":"https:\/\/fdnoaxaca.net\/index.php\/wp-json\/wp\/v2\/posts"}],"about":[{"href":"https:\/\/fdnoaxaca.net\/index.php\/wp-json\/wp\/v2\/types\/post"}],"author":[{"embeddable":true,"href":"https:\/\/fdnoaxaca.net\/index.php\/wp-json\/wp\/v2\/users\/4"}],"replies":[{"embeddable":true,"href":"https:\/\/fdnoaxaca.net\/index.php\/wp-json\/wp\/v2\/comments?post=2796"}],"version-history":[{"count":1,"href":"https:\/\/fdnoaxaca.net\/index.php\/wp-json\/wp\/v2\/posts\/2796\/revisions"}],"predecessor-version":[{"id":2799,"href":"https:\/\/fdnoaxaca.net\/index.php\/wp-json\/wp\/v2\/posts\/2796\/revisions\/2799"}],"wp:featuredmedia":[{"embeddable":true,"href":"https:\/\/fdnoaxaca.net\/index.php\/wp-json\/wp\/v2\/media\/2798"}],"wp:attachment":[{"href":"https:\/\/fdnoaxaca.net\/index.php\/wp-json\/wp\/v2\/media?parent=2796"}],"wp:term":[{"taxonomy":"category","embeddable":true,"href":"https:\/\/fdnoaxaca.net\/index.php\/wp-json\/wp\/v2\/categories?post=2796"},{"taxonomy":"post_tag","embeddable":true,"href":"https:\/\/fdnoaxaca.net\/index.php\/wp-json\/wp\/v2\/tags?post=2796"}],"curies":[{"name":"wp","href":"https:\/\/api.w.org\/{rel}","templated":true}]}}