{"id":2800,"date":"2020-02-06T17:47:28","date_gmt":"2020-02-06T17:47:28","guid":{"rendered":"http:\/\/fdnoaxaca.net\/?p=2800"},"modified":"2020-02-06T17:47:31","modified_gmt":"2020-02-06T17:47:31","slug":"plantea-diputada-que-agresores-de-mujeres-no-puedan-ser-candidatos-a-cargos-de-eleccion","status":"publish","type":"post","link":"https:\/\/fdnoaxaca.net\/index.php\/2020\/02\/06\/plantea-diputada-que-agresores-de-mujeres-no-puedan-ser-candidatos-a-cargos-de-eleccion\/","title":{"rendered":"Plantea diputada que agresores de mujeres no puedan ser candidatos a cargos de elecci\u00f3n"},"content":{"rendered":"\n<p>San Raymundo Jalpan, Oax. 6 de febrero de 2020.- Personas que ejercen o han ejercido violencia contra las mujeres o que sean irresponsables con la manutenci\u00f3n de sus hijos no podr\u00edan se candidatos a ocupar cargos de elecci\u00f3n popular, as\u00ed lo dio a conocer la diputada Elisa Zepeda Lagunas al proponer una adici\u00f3n a la Ley de Instituciones y Procedimientos Electorales de Oaxaca.<\/p>\n\n\n\n<p>\u201cSe trata de un mecanismo de justicia social, una medida para rechazar de manera contundente la violencia contra las mujeres, ni\u00f1as y ni\u00f1os\u201d, reiter\u00f3 la legisladora.<\/p>\n\n\n\n<p>La representante popular dijo que quienes han ejercido violencia contra las mujeres \u201cdif\u00edcilmente pueden ser buenos servidores p\u00fablicos; tenemos varios ejemplos de violentadores de mujeres en cargos p\u00fablicos en la pol\u00edtica oaxaque\u00f1a\u201d, es por ello que cobra sentido esta iniciativa. <\/p>\n\n\n\n<p>Detall\u00f3 que en Oaxaca seg\u00fan los datos del Secretariado Ejecutivo del Sistema Nacional de Seguridad P\u00fablica, en 2018 existieron m\u00e1s de cinco mil carpetas de investigaci\u00f3n por el delito de violencia familiar, un promedio de 15.6 carpetas al d\u00eda (por hablar solo de un \u00e1mbito de violencia contra las mujeres).<\/p>\n\n\n\n<p>La diputada se\u00f1al\u00f3 que en Oaxaca se ha avanzado en pol\u00edticas orientadas a prevenir, sancionar y erradicar la violencia contra las mujeres; por ejemplo, con relaci\u00f3n a la violencia pol\u00edtica, no obstante, no es el \u00fanico tipo de violencia contra las mujeres, y en cumplimiento con los marcos internacionales en materia de derechos humanos de las mujeres, ning\u00fan tipo de violencia pol\u00edtica puede ser respaldada o tolerada.<\/p>\n\n\n\n<p>Es necesario desnaturalizar la desigualdad de g\u00e9nero y como consecuencia es urgente desnormalizar la violencia de g\u00e9nero contra las mujeres, consider\u00f3.<\/p>\n\n\n\n<p>La propuesta radica en una adici\u00f3n de las fracciones VI y VII al art\u00edculo 21.1 de la Ley de Instituciones y Procedimientos Electorales del Estado de Oaxaca. <\/p>\n","protected":false},"excerpt":{"rendered":"<p>San Raymundo Jalpan, Oax. 6 de febrero de 2020.- Personas que ejercen o han ejercido violencia contra las mujeres o que sean irresponsables con la manutenci\u00f3n de sus hijos no podr\u00edan se candidatos a ocupar cargos de elecci\u00f3n popular, as\u00ed lo dio a conocer la diputada Elisa Zepeda Lagunas al proponer una adici\u00f3n a la&#8230;<\/p>\n","protected":false},"author":4,"featured_media":2802,"comment_status":"closed","ping_status":"closed","sticky":false,"template":"","format":"standard","meta":{"footnotes":""},"categories":[4],"tags":[],"class_list":["post-2800","post","type-post","status-publish","format-standard","has-post-thumbnail","hentry","category-general"],"_links":{"self":[{"href":"https:\/\/fdnoaxaca.net\/index.php\/wp-json\/wp\/v2\/posts\/2800","targetHints":{"allow":["GET"]}}],"collection":[{"href":"https:\/\/fdnoaxaca.net\/index.php\/wp-json\/wp\/v2\/posts"}],"about":[{"href":"https:\/\/fdnoaxaca.net\/index.php\/wp-json\/wp\/v2\/types\/post"}],"author":[{"embeddable":true,"href":"https:\/\/fdnoaxaca.net\/index.php\/wp-json\/wp\/v2\/users\/4"}],"replies":[{"embeddable":true,"href":"https:\/\/fdnoaxaca.net\/index.php\/wp-json\/wp\/v2\/comments?post=2800"}],"version-history":[{"count":1,"href":"https:\/\/fdnoaxaca.net\/index.php\/wp-json\/wp\/v2\/posts\/2800\/revisions"}],"predecessor-version":[{"id":2803,"href":"https:\/\/fdnoaxaca.net\/index.php\/wp-json\/wp\/v2\/posts\/2800\/revisions\/2803"}],"wp:featuredmedia":[{"embeddable":true,"href":"https:\/\/fdnoaxaca.net\/index.php\/wp-json\/wp\/v2\/media\/2802"}],"wp:attachment":[{"href":"https:\/\/fdnoaxaca.net\/index.php\/wp-json\/wp\/v2\/media?parent=2800"}],"wp:term":[{"taxonomy":"category","embeddable":true,"href":"https:\/\/fdnoaxaca.net\/index.php\/wp-json\/wp\/v2\/categories?post=2800"},{"taxonomy":"post_tag","embeddable":true,"href":"https:\/\/fdnoaxaca.net\/index.php\/wp-json\/wp\/v2\/tags?post=2800"}],"curies":[{"name":"wp","href":"https:\/\/api.w.org\/{rel}","templated":true}]}}