{"id":2816,"date":"2020-02-07T00:00:58","date_gmt":"2020-02-07T00:00:58","guid":{"rendered":"http:\/\/fdnoaxaca.net\/?p=2816"},"modified":"2020-02-07T00:01:02","modified_gmt":"2020-02-07T00:01:02","slug":"rescatan-cuerpo-de-joven-desaparecida-en-salina-cruz","status":"publish","type":"post","link":"https:\/\/fdnoaxaca.net\/index.php\/2020\/02\/07\/rescatan-cuerpo-de-joven-desaparecida-en-salina-cruz\/","title":{"rendered":"Rescatan cuerpo de joven desaparecida en Salina Cruz"},"content":{"rendered":"\n<p>Oaxaca de Ju\u00e1rez, Oax. 6 de febrero de 2020.- La joven M. S. E., de 21 a\u00f1os, desaparecida hace seis d\u00edas tras haber ingresado a nadar en la zona de Punta Conejo, Salina Cruz, fue hallada sin vida este jueves.\u00a0<\/p>\n\n\n\n<p>La Coordinaci\u00f3n Estatal de Protecci\u00f3n Civil de Oaxaca inform\u00f3 que el cuerpo de la mujer fue localizado\u00a0a 500 metros de donde se le vio por \u00faltima vez el\u00a01 de febrero.<\/p>\n\n\n\n<figure class=\"wp-block-image\"><img loading=\"lazy\" decoding=\"async\" width=\"1024\" height=\"768\" src=\"http:\/\/fdnoaxaca.net\/wp-content\/uploads\/2020\/02\/CEPCO-3-1024x768.jpg\" alt=\"\" class=\"wp-image-2819\" srcset=\"https:\/\/fdnoaxaca.net\/wp-content\/uploads\/2020\/02\/CEPCO-3-1024x768.jpg 1024w, https:\/\/fdnoaxaca.net\/wp-content\/uploads\/2020\/02\/CEPCO-3-300x225.jpg 300w, https:\/\/fdnoaxaca.net\/wp-content\/uploads\/2020\/02\/CEPCO-3-768x576.jpg 768w, https:\/\/fdnoaxaca.net\/wp-content\/uploads\/2020\/02\/CEPCO-3.jpg 1032w\" sizes=\"auto, (max-width: 1024px) 100vw, 1024px\" \/><\/figure>\n\n\n\n<p>El titular de la dependencia, Heliodoro D\u00edaz Esc\u00e1rraga indic\u00f3 que desde el d\u00eda de la desaparici\u00f3n se activaron los protocolos de b\u00fasqueda que concluyeron este jueves con la localizaci\u00f3n del cuerpo de la joven.<\/p>\n\n\n\n<p>Tras el hallazgo se hicieron los trabajos de recuperaci\u00f3n del cuerpo, para ser trasladado al anfiteatro y posteriormente ser\u00e1 entregado a sus familiares quienes participaron de manera activa en la b\u00fasqueda que implementaron los tres \u00f3rdenes de gobierno.<\/p>\n\n\n\n<figure class=\"wp-block-image\"><img loading=\"lazy\" decoding=\"async\" width=\"1024\" height=\"768\" src=\"http:\/\/fdnoaxaca.net\/wp-content\/uploads\/2020\/02\/CEPCO-2-1024x768.jpg\" alt=\"\" class=\"wp-image-2820\" srcset=\"https:\/\/fdnoaxaca.net\/wp-content\/uploads\/2020\/02\/CEPCO-2-1024x768.jpg 1024w, https:\/\/fdnoaxaca.net\/wp-content\/uploads\/2020\/02\/CEPCO-2-300x225.jpg 300w, https:\/\/fdnoaxaca.net\/wp-content\/uploads\/2020\/02\/CEPCO-2-768x576.jpg 768w, https:\/\/fdnoaxaca.net\/wp-content\/uploads\/2020\/02\/CEPCO-2.jpg 1032w\" sizes=\"auto, (max-width: 1024px) 100vw, 1024px\" \/><\/figure>\n\n\n\n<p>En este operativo participaron elementos de la delegaci\u00f3n CEPCO en la zona del Istmo de Tehuantepec, as\u00ed como personal de la Secretar\u00eda de Marina (Semar) en coordinaci\u00f3n con el ayuntamiento de Salina Cruz.<\/p>\n","protected":false},"excerpt":{"rendered":"<p>Oaxaca de Ju\u00e1rez, Oax. 6 de febrero de 2020.- La joven M. S. E., de 21 a\u00f1os, desaparecida hace seis d\u00edas tras haber ingresado a nadar en la zona de Punta Conejo, Salina Cruz, fue hallada sin vida este jueves.\u00a0 La Coordinaci\u00f3n Estatal de Protecci\u00f3n Civil de Oaxaca inform\u00f3 que el cuerpo de la mujer&#8230;<\/p>\n","protected":false},"author":4,"featured_media":2818,"comment_status":"closed","ping_status":"closed","sticky":false,"template":"","format":"standard","meta":{"footnotes":""},"categories":[49],"tags":[],"class_list":["post-2816","post","type-post","status-publish","format-standard","has-post-thumbnail","hentry","category-titulares"],"_links":{"self":[{"href":"https:\/\/fdnoaxaca.net\/index.php\/wp-json\/wp\/v2\/posts\/2816","targetHints":{"allow":["GET"]}}],"collection":[{"href":"https:\/\/fdnoaxaca.net\/index.php\/wp-json\/wp\/v2\/posts"}],"about":[{"href":"https:\/\/fdnoaxaca.net\/index.php\/wp-json\/wp\/v2\/types\/post"}],"author":[{"embeddable":true,"href":"https:\/\/fdnoaxaca.net\/index.php\/wp-json\/wp\/v2\/users\/4"}],"replies":[{"embeddable":true,"href":"https:\/\/fdnoaxaca.net\/index.php\/wp-json\/wp\/v2\/comments?post=2816"}],"version-history":[{"count":1,"href":"https:\/\/fdnoaxaca.net\/index.php\/wp-json\/wp\/v2\/posts\/2816\/revisions"}],"predecessor-version":[{"id":2821,"href":"https:\/\/fdnoaxaca.net\/index.php\/wp-json\/wp\/v2\/posts\/2816\/revisions\/2821"}],"wp:featuredmedia":[{"embeddable":true,"href":"https:\/\/fdnoaxaca.net\/index.php\/wp-json\/wp\/v2\/media\/2818"}],"wp:attachment":[{"href":"https:\/\/fdnoaxaca.net\/index.php\/wp-json\/wp\/v2\/media?parent=2816"}],"wp:term":[{"taxonomy":"category","embeddable":true,"href":"https:\/\/fdnoaxaca.net\/index.php\/wp-json\/wp\/v2\/categories?post=2816"},{"taxonomy":"post_tag","embeddable":true,"href":"https:\/\/fdnoaxaca.net\/index.php\/wp-json\/wp\/v2\/tags?post=2816"}],"curies":[{"name":"wp","href":"https:\/\/api.w.org\/{rel}","templated":true}]}}