{"id":2913,"date":"2020-02-16T01:26:14","date_gmt":"2020-02-16T01:26:14","guid":{"rendered":"http:\/\/fdnoaxaca.net\/?p=2913"},"modified":"2020-02-17T15:09:35","modified_gmt":"2020-02-17T15:09:35","slug":"por-que-la-muerte-de-ingrid-escamilla-ha-causado-tanta-indignacion","status":"publish","type":"post","link":"https:\/\/fdnoaxaca.net\/index.php\/2020\/02\/16\/por-que-la-muerte-de-ingrid-escamilla-ha-causado-tanta-indignacion\/","title":{"rendered":"\u00bfPor qu\u00e9 la muerte de Ingrid Escamilla ha causado tanta indignaci\u00f3n?"},"content":{"rendered":"\n<p><strong>Julio Eduardo Manzano Bizuet<\/strong><\/p>\n\n\n\n<p>Oaxaca de Ju\u00e1rez, Oax. 15 de febrero de 2020.- Nuevamente, los feminicidios son la noticia principal de los medios de comunicaci\u00f3n y es <em>trending topic <\/em>en redes sociales; entonces cabr\u00eda preguntarse \u00bfPor qu\u00e9 la muerte de Ingrid Escamilla ha causado tanta indignaci\u00f3n en M\u00e9xico, incluso para la ONU?<\/p>\n\n\n\n<p>Porque nos confirma el grado de descomposici\u00f3n y la crisis de valores que atraviesa la sociedad mexicana; porque nos muestra, matutinamente, la incapacidad y la falta de sensibilidad de la 4T para atender temas de relevancia como son los feminicidios y la violencia que vive a diario este pa\u00eds; porque la polariz\u00f3 las opiniones, respecto a las fotograf\u00edas de este delito, filtradas por servidores p\u00fablicos y que fueron publicadas por el peri\u00f3dico \u201cLa Prensa\u201d; porque una vez m\u00e1s qued\u00f3 claro que la \u00fanica forma de inconformarse ante estos agravios colectivos, el \u00fanico camino que le queda a la sociedad son las manifestaciones violentas. <\/p>\n\n\n\n<p>Vayamos por partes, apenas la semana anterior, el Fiscal General de la Rep\u00fablica, Alejandro Gertz Manero, expres\u00f3 que propondr\u00eda \u201cderogar\u201d el tipo penal de Feminicidio, la raz\u00f3n obedeci\u00f3 que no es la soluci\u00f3n al problema y que a la Fiscal\u00eda \u201cle cuesta trabajo\u201d judicializar este delito. Sin lugar a dudas, a las Fiscal\u00edas, no s\u00f3lo les cuesta investigar los feminicidios, sino otros delitos que \u201cson el pan nuestro de cada d\u00eda\u201d. <\/p>\n\n\n\n<p>El Fiscal, ante la desesperaci\u00f3n y el \u201catosigamiento\u201d de los medios de comunicaci\u00f3n, as\u00ed como del grupo feminista y de otros \u00f3rganos p\u00fablicos, mostr\u00f3 su poca sensibilidad ante un tema que sigue creciendo en M\u00e9xico. <\/p>\n\n\n\n<p>En este tenor, el Presidente L\u00f3pez Obrador, sigui\u00f3 el mal ejemplo del\nFiscal, porque en la conferencia matutina del 14 de febrero de este a\u00f1o,\nexpres\u00f3 ante los medios de comunicaci\u00f3n, que no s\u00f3lo se preocupa por el tema,\nsino que tambi\u00e9n se ocupa; argumenta que el tema de las noticias de los\nfeminicidios se debe a los grupos que se resisten a la 4T: \u201cno es que haya\nmalestar social, la gente est\u00e1 contenta, el malestar es de los grupos de\npoder\u2026que se resisten a los cambios.\u201d<\/p>\n\n\n\n<p>Como lo expres\u00e9 en otro momento, la esquizofrenia pol\u00edtica del gobierno\nen turno, le nubla la visi\u00f3n de la realidad que vive el pa\u00eds; AMLO, debe\ncomprender que ya no est\u00e1 en campa\u00f1a, ahora su administraci\u00f3n es la\nprotagonista de lo que vive M\u00e9xico.<\/p>\n\n\n\n<p>Por lo que respecta a la publicaci\u00f3n de las fotos por parte del\nperi\u00f3dico \u201cLa Prensa\u201d, ha tenido sus primeros efectos, porque la Fiscal de la\nCiudad de M\u00e9xico, Ernestina Godoy, propuso una iniciativa de reforma al C\u00f3digo\nPenal de este Estado en los t\u00e9rminos siguientes: \u201cSe le impondr\u00e1n prisi\u00f3n de 2\na 8 a\u00f1os al que difunda, entregue, revele, publique, transmite, exponga o\nreproduzca, intercambie o comparta im\u00e1genes, audios, videos o documentos del\nlugar en donde ocurra un delito.\u201d \u00bfEsta medida tambi\u00e9n operar\u00eda para las redes\nsociales?<\/p>\n\n\n\n<p>En estos casos la autoridad debe ser cautelosa, debe proponer medidas\nreales que atiendan el problema de fondo, porque la iniciativa no le permitir\u00eda\na periodistas, podr\u00eda publicar fotograf\u00edas o informar sobre determinados\ndelitos, lo que se traducir\u00eda en una transgresi\u00f3n a la libertad de expresi\u00f3n,\nincluso, hablar\u00edamos de censura previa, prohibida por la Constituci\u00f3n y por los\ntratados internacionales. Una posible soluci\u00f3n es reformar la Ley Reglamentaria\ndel Art\u00edculo 6\u00ba\u2026en materia de derecho de r\u00e9plica, para regular \u00e9stas y otras\ncuestiones derivadas de la publicaci\u00f3n de noticias. <\/p>\n\n\n\n<p>En este sentido es insoslayable comentar que la \u201cnota roja\u201d vende,\nporque existen personas que por el morbo compran para enterarse de este tipo de\ninformaci\u00f3n. <\/p>\n\n\n\n<p>Como tambi\u00e9n lo expres\u00e9 en otro momento, M\u00e9xico desde hace un buen rato,\nse ha convertido en un pa\u00eds donde sucede todo y no pasa nada. Estamos\nregresando a un Estado de naturaleza, donde la inexistencia de un Estado\nConstitucional de Derecho, ocasiona que grupos sociales salgan a las calles\npara manifestarse violentamente ante la incompetencia de las autoridades de los\ntres \u00f3rdenes de gobierno. <\/p>\n\n\n\n<p>El problema es que un Estado permisivo que no garantice los derechos\nhumanos, ocasionar\u00e1 que la sociedad no conf\u00ede en las instituciones, logrando\nque impere una jungla, donde \u00e9l o la m\u00e1s fuerte impongan su voluntad. <\/p>\n\n\n\n<p>Las personas tienen roles sociales, por lo tanto; todas y todos, somos\nresponsables de la violencia que se genera en M\u00e9xico. <\/p>\n\n\n\n<p>Al final, Usted, tiene la mejor opini\u00f3n\u2026<br><\/p>\n\n\n\n<hr class=\"wp-block-separator\" \/>\n\n\n\n<ul class=\"wp-block-list\"><li>Eduardo Manzano<a href=\"#_ftnref1\"> Bizuet.  Ex Defensor de las Audiencias de la <\/a>CORTV. Es licenciado en Derecho, maestro en Ciencias de la Educaci\u00f3n por el Instituto de Estudios Universitarios (IEU), maestro en Derecho Constitucional y Administrativo por la Universidad Lasalle, plantel Oaxaca. Desde 2010, es docente en las \u00e1reas de Derecho, Ciencias de la Comunicaci\u00f3n, Ciencias Pol\u00edticas y Econ\u00f3mico-Administrativas en diversas universidades. Actualmente es profesor del Bachillerato An\u00e1huac y EDUCEM. \u00a0<strong>Twitter: @EduardoBizuet<\/strong><\/li><\/ul>\n","protected":false},"excerpt":{"rendered":"<p>Julio Eduardo Manzano Bizuet Oaxaca de Ju\u00e1rez, Oax. 15 de febrero de 2020.- Nuevamente, los feminicidios son la noticia principal de los medios de comunicaci\u00f3n y es trending topic en redes sociales; entonces cabr\u00eda preguntarse \u00bfPor qu\u00e9 la muerte de Ingrid Escamilla ha causado tanta indignaci\u00f3n en M\u00e9xico, incluso para la ONU? Porque nos confirma&#8230;<\/p>\n","protected":false},"author":4,"featured_media":2914,"comment_status":"closed","ping_status":"closed","sticky":false,"template":"","format":"standard","meta":{"footnotes":""},"categories":[51],"tags":[],"class_list":["post-2913","post","type-post","status-publish","format-standard","has-post-thumbnail","hentry","category-perspectiva"],"_links":{"self":[{"href":"https:\/\/fdnoaxaca.net\/index.php\/wp-json\/wp\/v2\/posts\/2913","targetHints":{"allow":["GET"]}}],"collection":[{"href":"https:\/\/fdnoaxaca.net\/index.php\/wp-json\/wp\/v2\/posts"}],"about":[{"href":"https:\/\/fdnoaxaca.net\/index.php\/wp-json\/wp\/v2\/types\/post"}],"author":[{"embeddable":true,"href":"https:\/\/fdnoaxaca.net\/index.php\/wp-json\/wp\/v2\/users\/4"}],"replies":[{"embeddable":true,"href":"https:\/\/fdnoaxaca.net\/index.php\/wp-json\/wp\/v2\/comments?post=2913"}],"version-history":[{"count":2,"href":"https:\/\/fdnoaxaca.net\/index.php\/wp-json\/wp\/v2\/posts\/2913\/revisions"}],"predecessor-version":[{"id":2920,"href":"https:\/\/fdnoaxaca.net\/index.php\/wp-json\/wp\/v2\/posts\/2913\/revisions\/2920"}],"wp:featuredmedia":[{"embeddable":true,"href":"https:\/\/fdnoaxaca.net\/index.php\/wp-json\/wp\/v2\/media\/2914"}],"wp:attachment":[{"href":"https:\/\/fdnoaxaca.net\/index.php\/wp-json\/wp\/v2\/media?parent=2913"}],"wp:term":[{"taxonomy":"category","embeddable":true,"href":"https:\/\/fdnoaxaca.net\/index.php\/wp-json\/wp\/v2\/categories?post=2913"},{"taxonomy":"post_tag","embeddable":true,"href":"https:\/\/fdnoaxaca.net\/index.php\/wp-json\/wp\/v2\/tags?post=2913"}],"curies":[{"name":"wp","href":"https:\/\/api.w.org\/{rel}","templated":true}]}}