{"id":3044,"date":"2020-02-26T17:16:23","date_gmt":"2020-02-26T17:16:23","guid":{"rendered":"http:\/\/fdnoaxaca.net\/?p=3044"},"modified":"2020-02-26T17:16:27","modified_gmt":"2020-02-26T17:16:27","slug":"efectos-legislativos-y-sociales-de-los-feminicidios","status":"publish","type":"post","link":"https:\/\/fdnoaxaca.net\/index.php\/2020\/02\/26\/efectos-legislativos-y-sociales-de-los-feminicidios\/","title":{"rendered":"Efectos legislativos y sociales de los feminicidios"},"content":{"rendered":"\n<p>Julio Eduardo Manzano Bizuet<\/p>\n\n\n\n<p>Oaxaca de Ju\u00e1rez, Oax. 26 de febrero de 2020.- Estos \u00faltimos 15 d\u00edas han sido dos semanas que el gobierno de la 4T, seguramente ha querido olvidar y superar. M\u00e9xico no se hab\u00eda recuperado del feminicidio de Ingrid Escamilla, cuando el pasado lunes 17 de febrero, los titulares de noticias informaron de la muerte de F\u00e1tima.<\/p>\n\n\n\n<p>Estos dos feminicidios, sin olvidar a otras v\u00edctimas, han ocasionado ya las primeras reacciones legislativas. El pasado martes 18 de febrero, la C\u00e1mara de Diputados, aprob\u00f3 modificar el C\u00f3digo Penal Federal, para aumentar las penas que castigan el feminicidio. <\/p>\n\n\n\n<p>Actualmente, la pena m\u00ednima y m\u00e1xima va de los 40 a 60 a\u00f1os; con estas modificaciones, se incrementa la condena de 45 a 65 a\u00f1os de prisi\u00f3n. <\/p>\n\n\n\n<p>\u00bfUsted piensa que aumentando la pena a 10 a\u00f1os, desaparecer\u00e1 este delito que ha causado tanta indignaci\u00f3n en M\u00e9xico? Consideramos que no, porque no se est\u00e1n abordando otros factores que influyen en la agresi\u00f3n a las mujeres; ni mucho menos se retoman otras pol\u00edticas p\u00fablicas como es la educaci\u00f3n y la cultura c\u00edvica. <\/p>\n\n\n\n<p>Como bien sabe, el feminicidio es un delito de creaci\u00f3n reciente, el Poder Legislativo, tipific\u00f3 esta conducta en los C\u00f3digos Penales, precisamente, para \u201cintentar\u201d disminuir las muertes de mujeres en M\u00e9xico. Sin embargo, palpamos en el d\u00eda a d\u00eda, la poca efectividad de la norma jur\u00eddica ante las cifras alarmantes de mujeres que desaparecen o mueren de manera violenta.<\/p>\n\n\n\n<p>El otro efecto se ha viralizado en las redes sociales para el 9 de marzo, d\u00eda en el que las mujeres de todo M\u00e9xico \u201cdesaparecer\u00e1n\u201d de las calles, trabajos, redes sociales y actividades cotidianas, para demostrar la importancia que tienen en la sociedad. <\/p>\n\n\n\n<p>Esta convocatoria al paro nacional, que se difundi\u00f3 en redes sociales, bajo el lema \u00a1El nueve ninguna se mueve!, con el Hashtag #UND\u00cdASINNOSOTRAS, tambi\u00e9n ha causado controversias incluso dentro del mismo sector femenil. <\/p>\n\n\n\n<p>Esta discordia del paro nacional, en gran medida se ha politizado, porque el gobierno en turno argumenta que se trata de un movimiento encabezado por el grupo conservador; una explicaci\u00f3n que sale por la tangente, es decir, con estas declaraciones se sigue manifestando que no se tiene idea de c\u00f3mo solucionar los feminicidios y otros delitos. Nuevamente, AMLO, ha responsabilizado al neoliberalismo de ser el responsable de la violencia que atraviesa M\u00e9xico; sin embargo, no se reconoce que las polic\u00edas de investigaci\u00f3n, fiscal\u00edas, juzgadores y dem\u00e1s servidores p\u00fablicos no reciben capacitaci\u00f3n, sin contar que no se cuenta con un presupuesto acorde con las necesidades sociales en administraci\u00f3n y procuraci\u00f3n de justicia. <\/p>\n\n\n\n<p>Celebramos que las mujeres e instituciones p\u00fablicas y privadas se sumen al paro nacional. Deseamos que la convocatoria sea protagonizada por la mayor\u00eda de mexicanas, porque de ser as\u00ed, estar\u00edamos ante un hecho in\u00e9dito en todo el pa\u00eds. <\/p>\n\n\n\n<p>Empero, si nos lo permiten, estas decisiones legislativas y sociales, no ser\u00e1n suficientes para acabar con la violencia que diariamente viven mujeres, hombres, personas de la tercera edad, ni\u00f1as, ni\u00f1os, animales\u2026; porque M\u00e9xico atraviesa una crisis de valores: tolerancia, respeto, dignidad, empat\u00eda, libertad, patriotismo. <\/p>\n\n\n\n<p>Ha quedado claro que ante los diversos problemas sociales como la insuficiencia en los servicios&nbsp; de salud, la inseguridad, la educaci\u00f3n, los feminicidios, entre otros; el Estado se encuentra rebasado, es por ello, que le corresponde a la sociedad que las instituciones funcionen. <\/p>\n\n\n\n<p>\u00bfPor qu\u00e9 existen feminicidios? Porque la violencia se genera en la misma sociedad, todos y todas somos responsables de reproducirla. <br>\nParafraseando a Giovanni Sartori: la ni\u00f1ez que est\u00e1 sometida a violencia (medios de comunicaci\u00f3n, escuela, hogar, etc\u00e9tera), ser\u00e1n adultos m\u00e1s violentos. <br>\nAl final, Usted, tiene la mejor opini\u00f3n\u2026<br><br><br><\/p>\n","protected":false},"excerpt":{"rendered":"<p>Julio Eduardo Manzano Bizuet Oaxaca de Ju\u00e1rez, Oax. 26 de febrero de 2020.- Estos \u00faltimos 15 d\u00edas han sido dos semanas que el gobierno de la 4T, seguramente ha querido olvidar y superar. M\u00e9xico no se hab\u00eda recuperado del feminicidio de Ingrid Escamilla, cuando el pasado lunes 17 de febrero, los titulares de noticias informaron&#8230;<\/p>\n","protected":false},"author":4,"featured_media":3046,"comment_status":"closed","ping_status":"closed","sticky":false,"template":"","format":"standard","meta":{"footnotes":""},"categories":[51],"tags":[],"class_list":["post-3044","post","type-post","status-publish","format-standard","has-post-thumbnail","hentry","category-perspectiva"],"_links":{"self":[{"href":"https:\/\/fdnoaxaca.net\/index.php\/wp-json\/wp\/v2\/posts\/3044","targetHints":{"allow":["GET"]}}],"collection":[{"href":"https:\/\/fdnoaxaca.net\/index.php\/wp-json\/wp\/v2\/posts"}],"about":[{"href":"https:\/\/fdnoaxaca.net\/index.php\/wp-json\/wp\/v2\/types\/post"}],"author":[{"embeddable":true,"href":"https:\/\/fdnoaxaca.net\/index.php\/wp-json\/wp\/v2\/users\/4"}],"replies":[{"embeddable":true,"href":"https:\/\/fdnoaxaca.net\/index.php\/wp-json\/wp\/v2\/comments?post=3044"}],"version-history":[{"count":1,"href":"https:\/\/fdnoaxaca.net\/index.php\/wp-json\/wp\/v2\/posts\/3044\/revisions"}],"predecessor-version":[{"id":3047,"href":"https:\/\/fdnoaxaca.net\/index.php\/wp-json\/wp\/v2\/posts\/3044\/revisions\/3047"}],"wp:featuredmedia":[{"embeddable":true,"href":"https:\/\/fdnoaxaca.net\/index.php\/wp-json\/wp\/v2\/media\/3046"}],"wp:attachment":[{"href":"https:\/\/fdnoaxaca.net\/index.php\/wp-json\/wp\/v2\/media?parent=3044"}],"wp:term":[{"taxonomy":"category","embeddable":true,"href":"https:\/\/fdnoaxaca.net\/index.php\/wp-json\/wp\/v2\/categories?post=3044"},{"taxonomy":"post_tag","embeddable":true,"href":"https:\/\/fdnoaxaca.net\/index.php\/wp-json\/wp\/v2\/tags?post=3044"}],"curies":[{"name":"wp","href":"https:\/\/api.w.org\/{rel}","templated":true}]}}