{"id":3052,"date":"2020-02-29T05:07:57","date_gmt":"2020-02-29T05:07:57","guid":{"rendered":"http:\/\/fdnoaxaca.net\/?p=3052"},"modified":"2020-02-29T05:08:00","modified_gmt":"2020-02-29T05:08:00","slug":"detienen-a-madre-de-bebe-que-fue-violada-y-asesinada-en-oaxaca","status":"publish","type":"post","link":"https:\/\/fdnoaxaca.net\/index.php\/2020\/02\/29\/detienen-a-madre-de-bebe-que-fue-violada-y-asesinada-en-oaxaca\/","title":{"rendered":"Detienen a madre de beb\u00e9 que fue violada y asesinada en Oaxaca"},"content":{"rendered":"\n<p>Oaxaca de Ju\u00e1rez, Oax., 28 de febrero de 2020.- Una madre de familia acusada de asesinar presuntamente a su hija menor de un a\u00f1o y cuatro meses, fue detenida por elementos de la Agencia Estatal de Investigaciones (AEI).<\/p>\n\n\n\n<p>La imputada identificada como L. E. M. L., fue aprehendida el 27 de febrero de 2020 en San Pedro La Reforma, Villa de Zaachila, y fue presentada ante la autoridad judicial que la requiri\u00f3, en cumplimiento a la orden de aprehensi\u00f3n asentada en la causa penal 228\/2020, inform\u00f3 la Fiscal\u00eda General de Justicia del estado.<\/p>\n\n\n\n<p>Con relaci\u00f3n al fallecimiento de la beb\u00e9 de un a\u00f1o y cuatro meses de edad, los hechos ocurrieron el 8 de febrero de 2020, cuando la imputada y su concubino ingresaron a la ni\u00f1a al Hospital de la Ni\u00f1ez Oaxaque\u00f1a por presentar severas complicaciones de salud.<\/p>\n\n\n\n<p>Sin embargo, pese a los esfuerzos m\u00e9dicos realizados por personal del nosocomio, la menor falleci\u00f3 el 9 de febrero, siendo la causa de muerte: sepsis generalizada, deshidrataci\u00f3n, desnutrici\u00f3n severa y agresi\u00f3n sexual.<\/p>\n\n\n\n<p>Con base a las investigaciones realizadas por la Instituci\u00f3n de procuraci\u00f3n de justicia, entre octubre de 2019 y febrero de 2020, la ni\u00f1a present\u00f3 diversos cuadros de enfermedades graves que no fueron atendidos de manera oportuna por sus progenitores, quienes finalmente la llevaron a recibir atenci\u00f3n m\u00e9dica cuando se encontraba en estado cr\u00edtico, perdiendo la vida en la fecha y lugar antes mencionados.<\/p>\n\n\n\n<p>Tras la detenci\u00f3n de la madre y en audiencia realizada el 27 de febrero, la imputada solicit\u00f3 la ampliaci\u00f3n del t\u00e9rmino constitucional, misma que fenece el 4 de marzo de este a\u00f1o, por lo que la mujer qued\u00f3 en prisi\u00f3n por el delito de feminicidio.<\/p>\n\n\n\n<p>Asimismo en un hecho distinto, el concubino de la probable feminicida -identificado como F. E. S. C. o E. F. S. C.- tambi\u00e9n fue aprehendido y vinculado a proceso el pasado 13 de febrero, por su probable responsabilidad en la comisi\u00f3n del delito de violaci\u00f3n agravada, hechos asentados en la causa penal 59\/2018.<\/p>\n","protected":false},"excerpt":{"rendered":"<p>Oaxaca de Ju\u00e1rez, Oax., 28 de febrero de 2020.- Una madre de familia acusada de asesinar presuntamente a su hija menor de un a\u00f1o y cuatro meses, fue detenida por elementos de la Agencia Estatal de Investigaciones (AEI). La imputada identificada como L. E. M. L., fue aprehendida el 27 de febrero de 2020 en&#8230;<\/p>\n","protected":false},"author":4,"featured_media":3053,"comment_status":"closed","ping_status":"closed","sticky":false,"template":"","format":"standard","meta":{"footnotes":""},"categories":[49],"tags":[],"class_list":["post-3052","post","type-post","status-publish","format-standard","has-post-thumbnail","hentry","category-titulares"],"_links":{"self":[{"href":"https:\/\/fdnoaxaca.net\/index.php\/wp-json\/wp\/v2\/posts\/3052","targetHints":{"allow":["GET"]}}],"collection":[{"href":"https:\/\/fdnoaxaca.net\/index.php\/wp-json\/wp\/v2\/posts"}],"about":[{"href":"https:\/\/fdnoaxaca.net\/index.php\/wp-json\/wp\/v2\/types\/post"}],"author":[{"embeddable":true,"href":"https:\/\/fdnoaxaca.net\/index.php\/wp-json\/wp\/v2\/users\/4"}],"replies":[{"embeddable":true,"href":"https:\/\/fdnoaxaca.net\/index.php\/wp-json\/wp\/v2\/comments?post=3052"}],"version-history":[{"count":1,"href":"https:\/\/fdnoaxaca.net\/index.php\/wp-json\/wp\/v2\/posts\/3052\/revisions"}],"predecessor-version":[{"id":3054,"href":"https:\/\/fdnoaxaca.net\/index.php\/wp-json\/wp\/v2\/posts\/3052\/revisions\/3054"}],"wp:featuredmedia":[{"embeddable":true,"href":"https:\/\/fdnoaxaca.net\/index.php\/wp-json\/wp\/v2\/media\/3053"}],"wp:attachment":[{"href":"https:\/\/fdnoaxaca.net\/index.php\/wp-json\/wp\/v2\/media?parent=3052"}],"wp:term":[{"taxonomy":"category","embeddable":true,"href":"https:\/\/fdnoaxaca.net\/index.php\/wp-json\/wp\/v2\/categories?post=3052"},{"taxonomy":"post_tag","embeddable":true,"href":"https:\/\/fdnoaxaca.net\/index.php\/wp-json\/wp\/v2\/tags?post=3052"}],"curies":[{"name":"wp","href":"https:\/\/api.w.org\/{rel}","templated":true}]}}