{"id":3129,"date":"2020-03-10T14:21:26","date_gmt":"2020-03-10T14:21:26","guid":{"rendered":"http:\/\/fdnoaxaca.net\/?p=3129"},"modified":"2020-03-10T14:21:28","modified_gmt":"2020-03-10T14:21:28","slug":"la-doble-moral-entre-el-ocho-y-nueve-de-marzo","status":"publish","type":"post","link":"https:\/\/fdnoaxaca.net\/index.php\/2020\/03\/10\/la-doble-moral-entre-el-ocho-y-nueve-de-marzo\/","title":{"rendered":"La doble moral entre el ocho y nueve de marzo"},"content":{"rendered":"\n<p>Julio Eduardo Manzano Bizuet*<\/p>\n\n\n\n<p>Oaxaca de Ju\u00e1rez, Oax. 10 de marzo de 2020.- A diferencia de otros a\u00f1os, la conmemoraci\u00f3n del D\u00eda Internacional de la Mujer tuvo dos etapas: la primera transcurri\u00f3 el domingo 8 de marzo; la segunda tuvo lugar el lunes 9 de marzo. <\/p>\n\n\n\n<p>La sociedad mexicana, y desde luego oaxaque\u00f1a, esperaba con atenci\u00f3n lo que suceder\u00eda el 9 de marzo, porque se proclam\u00f3 el paro nacional encabezado por mujeres. De manera in\u00e9dita, palpamos el \u201cvac\u00edo\u201d de f\u00e9minas en las calles, trabajos, comercios, entre otros espacios p\u00fablicos y privados. <\/p>\n\n\n\n<p>En algunos centros laborales, como empresas, tiendas, etc\u00e9tera; quienes se presentaron a trabajar fueron los varones, destaca que en algunos centros educativos, no fue d\u00eda de asueto, porque el personal masculino realiz\u00f3 actividades encaminadas a comprender la dignidad de las mujeres al interior de la sociedad.<br>\n <br>\nPor un d\u00eda, la mayor\u00eda de las personas se identificaron con el movimiento \u201cUn d\u00eda sin nosotras\u201d, sobre en todo en redes sociales; sin embargo, tambi\u00e9n fue el momento aprovechado por l\u00edderes y agrupaciones pol\u00edticas. Cabe destacar, que desde que surgi\u00f3 este movimiento, result\u00f3 que la mayor\u00eda de los partidos pol\u00edticos se identifican con la situaci\u00f3n de las mujeres mexicanas. <\/p>\n\n\n\n<p>Hoy por hoy, rojos, azules, verdes, morados, amarillos, son muy \u201cfeministas\u201d, cuando en sus filas partidistas se encuentran personas que han menoscabado los derechos de las mujeres, no es ocioso recordar que proxenetas bajo el amparo de partidos pol\u00edticos han protagonizado esc\u00e1ndalos de este tipo. <\/p>\n\n\n\n<p>S\u00f3lo para que no se olvide, comentarios mis\u00f3ginos como los expresados por Diego Fern\u00e1ndez de Cevallos: \u201cel viejerio\u2026\u201d; Vicente Fox: \u201clavadora de dos patas\u2026\u201d; Felipe Calder\u00f3n: \u201c\u00bfDelfina es nombre propio? \u00bfO as\u00ed le dicen por c\u00f3mo la trata quien la nombr\u00f3 y es su jefe?&#8230;\u201d; Pe\u00f1a Nieto, cuando le preguntaron por el precio de la tortilla: \u201cNo soy la se\u00f1ora de la casa\u2026\u201d<\/p>\n\n\n\n<p>Desde luego que compartimos que instituciones p\u00fablicas y privadas, se sumen para demostrar el apoyo a mujeres que han sido v\u00edctimas de violencia, sin lugar a dudas, refleja un gran avance de sensibilizaci\u00f3n y de empat\u00eda; pero s\u00f3lo quedar\u00e1 en un d\u00eda para el recuerdo, si las palabras no se transforman en acciones que aminoren la violencia acaecida en M\u00e9xico.<\/p>\n\n\n\n<p>Bajo la premisa que los valores no s\u00f3lo se aprenden, sino que se practican, resulta necesario recordar que al interior de la sociedad poseemos roles y estatus, el ejemplo que demos a estudiantes, descendientes, amistades, a la sociedad; ser\u00e1n imitados por quienes nos rodean. <\/p>\n\n\n\n<p>Esto es s\u00f3lo el comienzo, esperemos que los relevos generacionales, cambien esa cultura de violencia y arbitrariedad, porque M\u00e9xico, sin olvidar Oaxaca, se est\u00e1n convirtiendo en la ley de la o del m\u00e1s fuerte, que bajo el amparo de la impunidad cada quien hace lo que quiere. <\/p>\n\n\n\n<p>Sin un cambio de idiosincrasia, educaci\u00f3n y cultura; de nada servir\u00e1 la sensibilizaci\u00f3n, las campa\u00f1as en contra de la violencia dirigida a mujeres, los paros, las movilizaciones; porque las agresiones a mujeres y hombres, seguir\u00e1n reproduci\u00e9ndose en cada espacio social. <\/p>\n\n\n\n<p>Cuando se manifiesta que se posee \u00e9tica, moral y valores; pero en los hechos se muestran conductas contrarias a lo que se pregona, estamos en lo que coloquialmente se llama doble moral: como aquel pol\u00edtico que encabeza m\u00edtines en contra de la violencia, pero en casa golpea; el juez que emite sentencias condenando a una mujer por su condici\u00f3n de g\u00e9nero; el docente que se aprovecha de su posici\u00f3n jer\u00e1rquica para acosar a estudiantes; las personas que hablan de los valores familiares, pero descuidan a sus descendientes; mujeres que agreden a mujeres polic\u00edas, porque detr\u00e1s del uniforme, tambi\u00e9n est\u00e1 una hija, hermana, t\u00eda, madre\u2026 <br>\nAl final, Usted, tiene la mejor opini\u00f3n\u2026<\/p>\n\n\n\n<p>*Julio Eduardo Manzano Bizuet. Ex Defensor de las Audiencias de la CORTV. Es licenciado en Derecho por la Universidad \u201cJos\u00e9 Vasconcelos de Oaxaca\u201d (UNIVAS), maestro en Ciencias de la Educaci\u00f3n por el Instituto de Estudios Universitarios (IEU). Catedr\u00e1tico de los niveles medio superior y superior. <\/p>\n","protected":false},"excerpt":{"rendered":"<p>Julio Eduardo Manzano Bizuet* Oaxaca de Ju\u00e1rez, Oax. 10 de marzo de 2020.- A diferencia de otros a\u00f1os, la conmemoraci\u00f3n del D\u00eda Internacional de la Mujer tuvo dos etapas: la primera transcurri\u00f3 el domingo 8 de marzo; la segunda tuvo lugar el lunes 9 de marzo. La sociedad mexicana, y desde luego oaxaque\u00f1a, esperaba con&#8230;<\/p>\n","protected":false},"author":4,"featured_media":3131,"comment_status":"closed","ping_status":"closed","sticky":false,"template":"","format":"standard","meta":{"footnotes":""},"categories":[51],"tags":[],"class_list":["post-3129","post","type-post","status-publish","format-standard","has-post-thumbnail","hentry","category-perspectiva"],"_links":{"self":[{"href":"https:\/\/fdnoaxaca.net\/index.php\/wp-json\/wp\/v2\/posts\/3129","targetHints":{"allow":["GET"]}}],"collection":[{"href":"https:\/\/fdnoaxaca.net\/index.php\/wp-json\/wp\/v2\/posts"}],"about":[{"href":"https:\/\/fdnoaxaca.net\/index.php\/wp-json\/wp\/v2\/types\/post"}],"author":[{"embeddable":true,"href":"https:\/\/fdnoaxaca.net\/index.php\/wp-json\/wp\/v2\/users\/4"}],"replies":[{"embeddable":true,"href":"https:\/\/fdnoaxaca.net\/index.php\/wp-json\/wp\/v2\/comments?post=3129"}],"version-history":[{"count":1,"href":"https:\/\/fdnoaxaca.net\/index.php\/wp-json\/wp\/v2\/posts\/3129\/revisions"}],"predecessor-version":[{"id":3132,"href":"https:\/\/fdnoaxaca.net\/index.php\/wp-json\/wp\/v2\/posts\/3129\/revisions\/3132"}],"wp:featuredmedia":[{"embeddable":true,"href":"https:\/\/fdnoaxaca.net\/index.php\/wp-json\/wp\/v2\/media\/3131"}],"wp:attachment":[{"href":"https:\/\/fdnoaxaca.net\/index.php\/wp-json\/wp\/v2\/media?parent=3129"}],"wp:term":[{"taxonomy":"category","embeddable":true,"href":"https:\/\/fdnoaxaca.net\/index.php\/wp-json\/wp\/v2\/categories?post=3129"},{"taxonomy":"post_tag","embeddable":true,"href":"https:\/\/fdnoaxaca.net\/index.php\/wp-json\/wp\/v2\/tags?post=3129"}],"curies":[{"name":"wp","href":"https:\/\/api.w.org\/{rel}","templated":true}]}}