{"id":3186,"date":"2020-03-15T02:02:15","date_gmt":"2020-03-15T02:02:15","guid":{"rendered":"http:\/\/fdnoaxaca.net\/?p=3186"},"modified":"2020-03-15T02:02:18","modified_gmt":"2020-03-15T02:02:18","slug":"valorara-seccion-22-aplicar-la-suspension-de-clases-en-oaxaca","status":"publish","type":"post","link":"https:\/\/fdnoaxaca.net\/index.php\/2020\/03\/15\/valorara-seccion-22-aplicar-la-suspension-de-clases-en-oaxaca\/","title":{"rendered":"Valorar\u00e1 Secci\u00f3n 22 aplicar la suspensi\u00f3n de clases en Oaxaca"},"content":{"rendered":"\n<p>Oaxaca de Ju\u00e1rez, Oax. 14 de marzo de 2020.- La Secci\u00f3n 22 del Sindicato Nacional de Trabajadores de la Educaci\u00f3n (SNTE) valorar\u00e1 la aplicaci\u00f3n de la suspensi\u00f3n de clases en Oaxaca por la emergencia sanitaria derivada del coronavirus, al se\u00f1alar que esta podr\u00eda tratarse de una estrategia para el control geopol\u00edtico. <\/p>\n\n\n\n<p>&#8220;Debemos tomar en cuenta que, ante el actual escenario mundial, la situaci\u00f3n sanitaria que prevalece no se descarta que puede ser producto de una estrategia para control geopol\u00edtico de los intereses en el sistema capitalista; donde la clase trabajadora y el pueblo en general son v\u00edctimas de dichos intereses&#8221;, consider\u00f3 el sindicato magisterial. <\/p>\n\n\n\n<p>Debido a este se\u00f1alamiento, anunci\u00f3 que la suspensi\u00f3n de clases determinada por el gobierno federal ser\u00e1 sometido a valoraci\u00f3n para determinar si aplican o no la medida en las escuelas p\u00fablicas de Oaxaca. <\/p>\n\n\n\n<p>&#8220;Se debe realizar una valoraci\u00f3n responsable conjuntamente entre los trabajadores de los diferentes niveles educativos, padres de familia y autoridades para definir dicho adelanto vacacional. Considerando las estrategias para el desarrollo de los contenidos basados en el PTEO. As\u00ed mismo comunicar v\u00eda estructura sindical la situaci\u00f3n y determinaciones en cada comunidad&#8221;, indic\u00f3. <\/p>\n\n\n\n<p>Este s\u00e1bado la Secretar\u00eda de Educaci\u00f3n P\u00fablica (SEP) determin\u00f3 la suspensi\u00f3n de clases durante 30 d\u00edas en todos los niveles educativos de las escuelas p\u00fablicas y privadas de M\u00e9xico, como medida preventiva para reducir el riesgo de la propagaci\u00f3n del coronavirus. <\/p>\n\n\n\n<p>Al respecto, el gobernador Alejandro Murat Hinojosa confirm\u00f3 la medida acordada por las autoridades mexicanas ante la pandemia mundial, y la cual ser\u00e1 aplicada del 23 de marzo al 17 de abril, como parte del aislamiento determinado por la Secretar\u00eda de Salud del 20 de marzo al 20 de abril. <\/p>\n\n\n\n<p>&#8220;Por disposici\u00f3n oficial, llevaremos a cabo un receso en las clases del 20 de marzo al 20 de abril en todos los niveles educativos, luego del acuerdo tomado por autoridades de la @SEP_mx. Desde el @GobOax trabajamos en coordinaci\u00f3n con el @GobiernoMX por la salud de la poblaci\u00f3n&#8221;, escribi\u00f3 el mandatario estatal a trav\u00e9s de sus redes sociales. <\/p>\n","protected":false},"excerpt":{"rendered":"<p>Oaxaca de Ju\u00e1rez, Oax. 14 de marzo de 2020.- La Secci\u00f3n 22 del Sindicato Nacional de Trabajadores de la Educaci\u00f3n (SNTE) valorar\u00e1 la aplicaci\u00f3n de la suspensi\u00f3n de clases en Oaxaca por la emergencia sanitaria derivada del coronavirus, al se\u00f1alar que esta podr\u00eda tratarse de una estrategia para el control geopol\u00edtico. &#8220;Debemos tomar en cuenta&#8230;<\/p>\n","protected":false},"author":4,"featured_media":3187,"comment_status":"closed","ping_status":"closed","sticky":false,"template":"","format":"standard","meta":{"footnotes":""},"categories":[49],"tags":[],"class_list":["post-3186","post","type-post","status-publish","format-standard","has-post-thumbnail","hentry","category-titulares"],"_links":{"self":[{"href":"https:\/\/fdnoaxaca.net\/index.php\/wp-json\/wp\/v2\/posts\/3186","targetHints":{"allow":["GET"]}}],"collection":[{"href":"https:\/\/fdnoaxaca.net\/index.php\/wp-json\/wp\/v2\/posts"}],"about":[{"href":"https:\/\/fdnoaxaca.net\/index.php\/wp-json\/wp\/v2\/types\/post"}],"author":[{"embeddable":true,"href":"https:\/\/fdnoaxaca.net\/index.php\/wp-json\/wp\/v2\/users\/4"}],"replies":[{"embeddable":true,"href":"https:\/\/fdnoaxaca.net\/index.php\/wp-json\/wp\/v2\/comments?post=3186"}],"version-history":[{"count":1,"href":"https:\/\/fdnoaxaca.net\/index.php\/wp-json\/wp\/v2\/posts\/3186\/revisions"}],"predecessor-version":[{"id":3188,"href":"https:\/\/fdnoaxaca.net\/index.php\/wp-json\/wp\/v2\/posts\/3186\/revisions\/3188"}],"wp:featuredmedia":[{"embeddable":true,"href":"https:\/\/fdnoaxaca.net\/index.php\/wp-json\/wp\/v2\/media\/3187"}],"wp:attachment":[{"href":"https:\/\/fdnoaxaca.net\/index.php\/wp-json\/wp\/v2\/media?parent=3186"}],"wp:term":[{"taxonomy":"category","embeddable":true,"href":"https:\/\/fdnoaxaca.net\/index.php\/wp-json\/wp\/v2\/categories?post=3186"},{"taxonomy":"post_tag","embeddable":true,"href":"https:\/\/fdnoaxaca.net\/index.php\/wp-json\/wp\/v2\/tags?post=3186"}],"curies":[{"name":"wp","href":"https:\/\/api.w.org\/{rel}","templated":true}]}}