{"id":3229,"date":"2020-03-21T05:27:23","date_gmt":"2020-03-21T05:27:23","guid":{"rendered":"http:\/\/fdnoaxaca.net\/?p=3229"},"modified":"2020-03-21T05:27:23","modified_gmt":"2020-03-21T05:27:23","slug":"posponen-inauguracion-de-hospital-en-tlaxiaco-se-encuentra-sin-estar-equipado-totalmente","status":"publish","type":"post","link":"https:\/\/fdnoaxaca.net\/index.php\/2020\/03\/21\/posponen-inauguracion-de-hospital-en-tlaxiaco-se-encuentra-sin-estar-equipado-totalmente\/","title":{"rendered":"Posponen inauguraci\u00f3n de hospital en Tlaxiaco; se encuentra sin estar equipado totalmente"},"content":{"rendered":"\n<p>Oaxaca de Ju\u00e1rez, Oax. 20 de marzo de 2020.-La inauguraci\u00f3n del hospital rural del Instituto Mexicano del Seguro Social (IMSS) Bienestar Tlaxiaco, fue suspendida este viernes por el presidente Andr\u00e9s Manuel L\u00f3pez Obrador debido a que a\u00fan no ha sido equipado completamente. <\/p>\n\n\n\n<p>Este viernes el titular del Poder Ejecutivo federal lleg\u00f3 a Oaxaca y en su gira de tres d\u00edas su primera actividad programada era la inauguraci\u00f3n de este hospital que comenz\u00f3 su construcci\u00f3n hace m\u00e1s de una d\u00e9cada en este municipio de la regi\u00f3n de la Mixteca.<\/p>\n\n\n\n<p>Sin embargo, debido a que el equipamiento a\u00fan no est\u00e1 completamente, la inauguraci\u00f3n fue pospuesta para abril.<\/p>\n\n\n\n<p>&#8220;Estamos en Tlaxiaco en la pre inauguraci\u00f3n de este hospital del IMSS Bienestar, la conclusi\u00f3n llev\u00f3 tiempo, se concluy\u00f3 hace unos d\u00edas&#8230; Voy a tener que regresar a Tlaxiaco porque seg\u00fan me informan, tenemos equipos nuevos en un 93 por ciento, pero no queremos inaugurar nada que no est\u00e9 completamente terminado&#8221;, declar\u00f3 L\u00f3pez Obrador.<\/p>\n\n\n\n<p>Por lo cual, el presidente prev\u00e9 la inauguraci\u00f3n dentro de un mes una vez que el hospital quede equipado totalmente. <\/p>\n\n\n\n<p>&#8220;No vamos a caer en el error de enga\u00f1ar a la gente&#8221;, asegur\u00f3. <br><br><\/p>\n","protected":false},"excerpt":{"rendered":"<p>Oaxaca de Ju\u00e1rez, Oax. 20 de marzo de 2020.-La inauguraci\u00f3n del hospital rural del Instituto Mexicano del Seguro Social (IMSS) Bienestar Tlaxiaco, fue suspendida este viernes por el presidente Andr\u00e9s Manuel L\u00f3pez Obrador debido a que a\u00fan no ha sido equipado completamente. Este viernes el titular del Poder Ejecutivo federal lleg\u00f3 a Oaxaca y en&#8230;<\/p>\n","protected":false},"author":4,"featured_media":3230,"comment_status":"closed","ping_status":"closed","sticky":false,"template":"","format":"standard","meta":{"footnotes":""},"categories":[49],"tags":[],"class_list":["post-3229","post","type-post","status-publish","format-standard","has-post-thumbnail","hentry","category-titulares"],"_links":{"self":[{"href":"https:\/\/fdnoaxaca.net\/index.php\/wp-json\/wp\/v2\/posts\/3229","targetHints":{"allow":["GET"]}}],"collection":[{"href":"https:\/\/fdnoaxaca.net\/index.php\/wp-json\/wp\/v2\/posts"}],"about":[{"href":"https:\/\/fdnoaxaca.net\/index.php\/wp-json\/wp\/v2\/types\/post"}],"author":[{"embeddable":true,"href":"https:\/\/fdnoaxaca.net\/index.php\/wp-json\/wp\/v2\/users\/4"}],"replies":[{"embeddable":true,"href":"https:\/\/fdnoaxaca.net\/index.php\/wp-json\/wp\/v2\/comments?post=3229"}],"version-history":[{"count":1,"href":"https:\/\/fdnoaxaca.net\/index.php\/wp-json\/wp\/v2\/posts\/3229\/revisions"}],"predecessor-version":[{"id":3231,"href":"https:\/\/fdnoaxaca.net\/index.php\/wp-json\/wp\/v2\/posts\/3229\/revisions\/3231"}],"wp:featuredmedia":[{"embeddable":true,"href":"https:\/\/fdnoaxaca.net\/index.php\/wp-json\/wp\/v2\/media\/3230"}],"wp:attachment":[{"href":"https:\/\/fdnoaxaca.net\/index.php\/wp-json\/wp\/v2\/media?parent=3229"}],"wp:term":[{"taxonomy":"category","embeddable":true,"href":"https:\/\/fdnoaxaca.net\/index.php\/wp-json\/wp\/v2\/categories?post=3229"},{"taxonomy":"post_tag","embeddable":true,"href":"https:\/\/fdnoaxaca.net\/index.php\/wp-json\/wp\/v2\/tags?post=3229"}],"curies":[{"name":"wp","href":"https:\/\/api.w.org\/{rel}","templated":true}]}}