{"id":3504,"date":"2020-04-17T23:14:54","date_gmt":"2020-04-17T23:14:54","guid":{"rendered":"http:\/\/fdnoaxaca.net\/?p=3504"},"modified":"2020-04-17T23:14:57","modified_gmt":"2020-04-17T23:14:57","slug":"declaran-en-emergencia-cinco-municipios-por-incendios-forestales-en-oaxaca","status":"publish","type":"post","link":"https:\/\/fdnoaxaca.net\/index.php\/2020\/04\/17\/declaran-en-emergencia-cinco-municipios-por-incendios-forestales-en-oaxaca\/","title":{"rendered":"Declaran en emergencia cinco municipios por incendios forestales en Oaxaca"},"content":{"rendered":"\n<p>Oaxaca de Ju\u00e1rez, Oax. 17 de abril de 2020. La Coordinaci\u00f3n Estatal de Protecci\u00f3n Civil de Oaxaca (CEPCO) inform\u00f3, que tras la solicitud del Gobierno del Estado de declarar en emergencia las zonas afectadas por incendios forestales, el Gobierno Federal aprob\u00f3 dicha petici\u00f3n para cinco municipios de la entidad.<\/p>\n\n\n\n<p>El titular de la dependencia, Heliodoro D\u00edaz Esc\u00e1rraga, destac\u00f3 que la Coordinaci\u00f3n Nacional de Protecci\u00f3n Civil emiti\u00f3 la Declaratoria de Emergencia en el Estado de Oaxaca, por la ocurrencia del fen\u00f3meno natural perturbador, incendios forestales, presentados del 1 al 12 de abril del presente a\u00f1o.<\/p>\n\n\n\n<p>Los municipios beneficiados son: San Lorenzo Texmel\u00facan, San Miguel Quetzaltepec, Santiago Juxtlahuaca, Santos Reyes P\u00e1palo y Santos Reyes Tepejillo.<\/p>\n\n\n\n<p>Con esta acci\u00f3n se activan los recursos del Fondo para la Atenci\u00f3n de Emergencias (Fonden) y a partir de esta declaratoria, solicitada por el Gobierno del Estado, las autoridades contar\u00e1n con los apoyos para atender las necesidades alimenticias y de salud de la poblaci\u00f3n afectada.<\/p>\n\n\n\n<p><\/p>\n\n\n\n<h3 class=\"wp-block-heading\" style=\"text-align:center\">Tambi\u00e9n te puede interesar:<\/h3>\n\n\n<ul class=\"wp-block-latest-posts__list is-grid columns-2 wp-block-latest-posts\"><li><a class=\"wp-block-latest-posts__post-title\" href=\"https:\/\/fdnoaxaca.net\/index.php\/2026\/04\/30\/aprueba-ieepco-medidas-de-racionalidad-austeridad-y-disciplina-presupuestaria\/\">Aprueba IEEPCO medidas de racionalidad, austeridad y disciplina presupuestaria\u00a0<\/a><\/li>\n<li><a class=\"wp-block-latest-posts__post-title\" href=\"https:\/\/fdnoaxaca.net\/index.php\/2026\/04\/29\/detienen-a-dos-personas-por-homicidio-de-sindico-municipal-de-la-mixteca\/\">Detienen a dos personas por homicidio de s\u00edndico municipal de la Mixteca<\/a><\/li>\n<li><a class=\"wp-block-latest-posts__post-title\" href=\"https:\/\/fdnoaxaca.net\/index.php\/2026\/04\/29\/realiza-ieepco-foro-regional-de-la-consulta-indigena-y-afromexicana-en-zimatlan\/\">Realiza IEEPCO foro regional de la consulta ind\u00edgena y afromexicana en Zimatl\u00e1n\u00a0<\/a><\/li>\n<li><a class=\"wp-block-latest-posts__post-title\" href=\"https:\/\/fdnoaxaca.net\/index.php\/2026\/04\/28\/alcanzan-objetivo-de-carrera-con-causa-gotas-de-alegria\/\">Alcanzan objetivo de carrera con causa &#8220;Gotas de alegr\u00eda&#8221;<\/a><\/li>\n<\/ul>","protected":false},"excerpt":{"rendered":"<p>Oaxaca de Ju\u00e1rez, Oax. 17 de abril de 2020. La Coordinaci\u00f3n Estatal de Protecci\u00f3n Civil de Oaxaca (CEPCO) inform\u00f3, que tras la solicitud del Gobierno del Estado de declarar en emergencia las zonas afectadas por incendios forestales, el Gobierno Federal aprob\u00f3 dicha petici\u00f3n para cinco municipios de la entidad. El titular de la dependencia, Heliodoro&#8230;<\/p>\n","protected":false},"author":4,"featured_media":3506,"comment_status":"closed","ping_status":"closed","sticky":false,"template":"","format":"standard","meta":{"footnotes":""},"categories":[4,49],"tags":[],"class_list":["post-3504","post","type-post","status-publish","format-standard","has-post-thumbnail","hentry","category-general","category-titulares"],"_links":{"self":[{"href":"https:\/\/fdnoaxaca.net\/index.php\/wp-json\/wp\/v2\/posts\/3504","targetHints":{"allow":["GET"]}}],"collection":[{"href":"https:\/\/fdnoaxaca.net\/index.php\/wp-json\/wp\/v2\/posts"}],"about":[{"href":"https:\/\/fdnoaxaca.net\/index.php\/wp-json\/wp\/v2\/types\/post"}],"author":[{"embeddable":true,"href":"https:\/\/fdnoaxaca.net\/index.php\/wp-json\/wp\/v2\/users\/4"}],"replies":[{"embeddable":true,"href":"https:\/\/fdnoaxaca.net\/index.php\/wp-json\/wp\/v2\/comments?post=3504"}],"version-history":[{"count":1,"href":"https:\/\/fdnoaxaca.net\/index.php\/wp-json\/wp\/v2\/posts\/3504\/revisions"}],"predecessor-version":[{"id":3505,"href":"https:\/\/fdnoaxaca.net\/index.php\/wp-json\/wp\/v2\/posts\/3504\/revisions\/3505"}],"wp:featuredmedia":[{"embeddable":true,"href":"https:\/\/fdnoaxaca.net\/index.php\/wp-json\/wp\/v2\/media\/3506"}],"wp:attachment":[{"href":"https:\/\/fdnoaxaca.net\/index.php\/wp-json\/wp\/v2\/media?parent=3504"}],"wp:term":[{"taxonomy":"category","embeddable":true,"href":"https:\/\/fdnoaxaca.net\/index.php\/wp-json\/wp\/v2\/categories?post=3504"},{"taxonomy":"post_tag","embeddable":true,"href":"https:\/\/fdnoaxaca.net\/index.php\/wp-json\/wp\/v2\/tags?post=3504"}],"curies":[{"name":"wp","href":"https:\/\/api.w.org\/{rel}","templated":true}]}}