{"id":3531,"date":"2020-04-18T23:37:35","date_gmt":"2020-04-18T23:37:35","guid":{"rendered":"http:\/\/fdnoaxaca.net\/?p=3531"},"modified":"2020-04-18T23:37:38","modified_gmt":"2020-04-18T23:37:38","slug":"convoca-incude-oaxaca-a-participar-en-el-primer-concurso-coreografico","status":"publish","type":"post","link":"https:\/\/fdnoaxaca.net\/index.php\/2020\/04\/18\/convoca-incude-oaxaca-a-participar-en-el-primer-concurso-coreografico\/","title":{"rendered":"Convoca Incude Oaxaca a participar en el Primer Concurso Coreogr\u00e1fico"},"content":{"rendered":"\n<p><strong>Oaxaca de Ju\u00e1rez, Oax. 18 de abril de 2020.&nbsp;<\/strong>El Instituto de Cultura F\u00edsica y Deporte de Oaxaca (Incude Oaxaca), invita a todas las y los ni\u00f1os de entre 4 y 12 a\u00f1os de edad, a participar en el Primer Concurso Coreogr\u00e1fico \u201cMe quedo en casa y festejo el d\u00eda de la ni\u00f1ez\u201d.<\/p>\n\n\n\n<p>Para ello, deber\u00e1n hacer un video de ritmos con una coreograf\u00eda de folklor, m\u00fasica infantil o m\u00fasica moderna, as\u00ed como salto de cuerda musicalizado que deber\u00e1n enviar del 20 al 27 de abril, a la cuenta de Facebook: Instituto de Cultura F\u00edsica y Deporte de Oaxaca con la etiqueta #MeQCyFestejoElD\u00edaDeLaNi\u00f1ez.<\/p>\n\n\n\n<p>La invitaci\u00f3n es para ni\u00f1os y ni\u00f1as de las ocho regiones del estado y las categor\u00edas en las que podr\u00e1n participar son Peques de 4 a 7 a\u00f1os de edad e Infantil de 8 a 12; podr\u00e1n ser en individual o en equipo y se tendr\u00e1 que hacer en casa, ya sea en espacio cerrado, en alg\u00fan jard\u00edn o patio.<\/p>\n\n\n\n<p>La exhibici\u00f3n deber\u00e1 tener una duraci\u00f3n m\u00e1xima de 2 minutos, de lo contrario los participantes no podr\u00e1n ser tomados en cuenta por el jurado calificador; adem\u00e1s cada env\u00edo deber\u00e1 adjuntar una portada de presentaci\u00f3n que indique el estilo de m\u00fasica, tiempo de presentaci\u00f3n, nombre de participante y apoyo coreogr\u00e1fico, ya sea de los padres y\/o maestro.<\/p>\n\n\n\n<p>El jurado calificador, que ser\u00e1 designado por el Incude Oaxaca, &nbsp;calificar\u00e1 la coreograf\u00eda, escenograf\u00eda (que d\u00e9 la certeza de estar en casa), motricidad r\u00edtmica, vestuario y la energ\u00eda al saltar la cuerda, adem\u00e1s que su decisi\u00f3n ser\u00e1 inapelable para definir a los ganadores en cada categor\u00eda.<\/p>\n\n\n\n<p>La premiaci\u00f3n ser\u00e1 un regalo sorpresa para los tres primeros lugares de cada categor\u00eda, quienes se dar\u00e1n a conocer en las redes sociales del Incude Oaxaca, el 30 de abril.<\/p>\n\n\n\n<p><\/p>\n\n\n\n<h4 class=\"wp-block-heading\" style=\"text-align:center\">Tambi\u00e9n te puede interesar:<\/h4>\n\n\n<ul class=\"wp-block-latest-posts__list is-grid columns-2 wp-block-latest-posts\"><li><a class=\"wp-block-latest-posts__post-title\" href=\"https:\/\/fdnoaxaca.net\/index.php\/2026\/04\/29\/iniciaran-estrategia-contra-la-comida-chatarra-en-oaxaca-instalaran-huertos-en-20-escuelas\/\">Iniciar\u00e1n estrategia contra la comida chatarra en Oaxaca; instalar\u00e1n huertos en 20 escuelas\u00a0<\/a><\/li>\n<li><a class=\"wp-block-latest-posts__post-title\" href=\"https:\/\/fdnoaxaca.net\/index.php\/2026\/04\/29\/realiza-ieepco-foro-regional-de-la-consulta-indigena-y-afromexicana-en-zimatlan\/\">Realiza IEEPCO foro regional de la consulta ind\u00edgena y afromexicana en Zimatl\u00e1n\u00a0<\/a><\/li>\n<li><a class=\"wp-block-latest-posts__post-title\" href=\"https:\/\/fdnoaxaca.net\/index.php\/2026\/04\/29\/mototaxistas-de-atzompa-abandonan-la-confederacion-joven-de-mexico-bloquean-crucero-de-plaza-bella\/\">Mototaxistas de Atzompa abandonan la Confederaci\u00f3n Joven de M\u00e9xico; bloquean crucero de Plaza Bella\u00a0<\/a><\/li>\n<li><a class=\"wp-block-latest-posts__post-title\" href=\"https:\/\/fdnoaxaca.net\/index.php\/2026\/04\/28\/alcanzan-objetivo-de-carrera-con-causa-gotas-de-alegria\/\">Alcanzan objetivo de carrera con causa &#8220;Gotas de alegr\u00eda&#8221;<\/a><\/li>\n<\/ul>","protected":false},"excerpt":{"rendered":"<p>Oaxaca de Ju\u00e1rez, Oax. 18 de abril de 2020.&nbsp;El Instituto de Cultura F\u00edsica y Deporte de Oaxaca (Incude Oaxaca), invita a todas las y los ni\u00f1os de entre 4 y 12 a\u00f1os de edad, a participar en el Primer Concurso Coreogr\u00e1fico \u201cMe quedo en casa y festejo el d\u00eda de la ni\u00f1ez\u201d. Para ello, deber\u00e1n&#8230;<\/p>\n","protected":false},"author":4,"featured_media":3532,"comment_status":"closed","ping_status":"closed","sticky":false,"template":"","format":"standard","meta":{"footnotes":""},"categories":[50],"tags":[],"class_list":["post-3531","post","type-post","status-publish","format-standard","has-post-thumbnail","hentry","category-suplementos"],"_links":{"self":[{"href":"https:\/\/fdnoaxaca.net\/index.php\/wp-json\/wp\/v2\/posts\/3531","targetHints":{"allow":["GET"]}}],"collection":[{"href":"https:\/\/fdnoaxaca.net\/index.php\/wp-json\/wp\/v2\/posts"}],"about":[{"href":"https:\/\/fdnoaxaca.net\/index.php\/wp-json\/wp\/v2\/types\/post"}],"author":[{"embeddable":true,"href":"https:\/\/fdnoaxaca.net\/index.php\/wp-json\/wp\/v2\/users\/4"}],"replies":[{"embeddable":true,"href":"https:\/\/fdnoaxaca.net\/index.php\/wp-json\/wp\/v2\/comments?post=3531"}],"version-history":[{"count":1,"href":"https:\/\/fdnoaxaca.net\/index.php\/wp-json\/wp\/v2\/posts\/3531\/revisions"}],"predecessor-version":[{"id":3533,"href":"https:\/\/fdnoaxaca.net\/index.php\/wp-json\/wp\/v2\/posts\/3531\/revisions\/3533"}],"wp:featuredmedia":[{"embeddable":true,"href":"https:\/\/fdnoaxaca.net\/index.php\/wp-json\/wp\/v2\/media\/3532"}],"wp:attachment":[{"href":"https:\/\/fdnoaxaca.net\/index.php\/wp-json\/wp\/v2\/media?parent=3531"}],"wp:term":[{"taxonomy":"category","embeddable":true,"href":"https:\/\/fdnoaxaca.net\/index.php\/wp-json\/wp\/v2\/categories?post=3531"},{"taxonomy":"post_tag","embeddable":true,"href":"https:\/\/fdnoaxaca.net\/index.php\/wp-json\/wp\/v2\/tags?post=3531"}],"curies":[{"name":"wp","href":"https:\/\/api.w.org\/{rel}","templated":true}]}}