{"id":3610,"date":"2020-04-24T01:46:02","date_gmt":"2020-04-24T01:46:02","guid":{"rendered":"http:\/\/fdnoaxaca.net\/?p=3610"},"modified":"2020-04-24T01:46:05","modified_gmt":"2020-04-24T01:46:05","slug":"de-25-a-44-anos-la-mayor-poblacion-contagiada-de-covid-19-en-oaxaca","status":"publish","type":"post","link":"https:\/\/fdnoaxaca.net\/index.php\/2020\/04\/24\/de-25-a-44-anos-la-mayor-poblacion-contagiada-de-covid-19-en-oaxaca\/","title":{"rendered":"De 25 a 44 a\u00f1os, la mayor poblaci\u00f3n contagiada de Covid-19 en Oaxaca"},"content":{"rendered":"\n<p>Oaxaca de Ju\u00e1rez, Oax. 23 de abril de 2020.- En Oaxaca, en las \u00faltimas 24 horas se detectaron siete casos m\u00e1s de coronavirus, con lo cual suman 87 casos y nueve fallecimientos en el estado por esta pandemia mundial.<\/p>\n\n\n\n<p>Hasta el corte de este jueves, los Servicios de Salud informaron que en Oaxaca el incremento del contagio se expande en 42 municipios del estado, siendo las regiones de Valles Centrales y la Mixteca, donde se concentra el mayor n\u00famero de casos.<\/p>\n\n\n\n<p>Por grupo de edad, la mayor poblaci\u00f3n contagiada tiene entre 25 y 44 a\u00f1os; le siguen de 50 a 59 a\u00f1os; de 65 a\u00f1os y m\u00e1s; de 60 a 64 a\u00f1os; de 20 a 24 a\u00f1os; de 15 a 19 a\u00f1os; de 10 a 14 a\u00f1os y de cero a cuatro a\u00f1os.<\/p>\n\n\n\n<p>A nivel nacional, en M\u00e9xico suman 11 mil 633 casos y mil 69 fallecimientos. En tanto, a nivel mundial, son dos millones 544 mil casos de contagio y 175 mil 694 muertos.<\/p>\n\n\n\n<p><\/p>\n\n\n\n<h4 class=\"wp-block-heading\" style=\"text-align:center\">Tambi\u00e9n te puede interesar:<\/h4>\n\n\n<ul class=\"wp-block-latest-posts__list is-grid columns-2 wp-block-latest-posts\"><li><a class=\"wp-block-latest-posts__post-title\" href=\"https:\/\/fdnoaxaca.net\/index.php\/2026\/05\/01\/dia-del-trabajo-en-oaxaca-trifulca-quema-de-gorras-y-consignas-contra-gobernador\/\">D\u00eda del Trabajo en Oaxaca: trifulca, quema de gorras y consignas contra Gobernador\u00a0<\/a><\/li>\n<li><a class=\"wp-block-latest-posts__post-title\" href=\"https:\/\/fdnoaxaca.net\/index.php\/2026\/05\/01\/cinco-aspiran-a-ser-rector-de-la-uabjo\/\">Cinco aspiran a ser rector de la UABJO\u00a0<\/a><\/li>\n<li><a class=\"wp-block-latest-posts__post-title\" href=\"https:\/\/fdnoaxaca.net\/index.php\/2026\/04\/30\/se-registran-candidatos-a-rector-de-la-uabjo\/\">Se registran candidatos a rector de la UABJO<\/a><\/li>\n<li><a class=\"wp-block-latest-posts__post-title\" href=\"https:\/\/fdnoaxaca.net\/index.php\/2026\/04\/29\/balean-y-asaltan-a-una-persona-en-plaza-del-valle-oaxaca\/\">Balean y asaltan a una persona en Plaza del Valle Oaxaca\u00a0<\/a><\/li>\n<\/ul>","protected":false},"excerpt":{"rendered":"<p>Oaxaca de Ju\u00e1rez, Oax. 23 de abril de 2020.- En Oaxaca, en las \u00faltimas 24 horas se detectaron siete casos m\u00e1s de coronavirus, con lo cual suman 87 casos y nueve fallecimientos en el estado por esta pandemia mundial. Hasta el corte de este jueves, los Servicios de Salud informaron que en Oaxaca el incremento&#8230;<\/p>\n","protected":false},"author":4,"featured_media":3611,"comment_status":"closed","ping_status":"closed","sticky":false,"template":"","format":"standard","meta":{"footnotes":""},"categories":[4,49],"tags":[],"class_list":["post-3610","post","type-post","status-publish","format-standard","has-post-thumbnail","hentry","category-general","category-titulares"],"_links":{"self":[{"href":"https:\/\/fdnoaxaca.net\/index.php\/wp-json\/wp\/v2\/posts\/3610","targetHints":{"allow":["GET"]}}],"collection":[{"href":"https:\/\/fdnoaxaca.net\/index.php\/wp-json\/wp\/v2\/posts"}],"about":[{"href":"https:\/\/fdnoaxaca.net\/index.php\/wp-json\/wp\/v2\/types\/post"}],"author":[{"embeddable":true,"href":"https:\/\/fdnoaxaca.net\/index.php\/wp-json\/wp\/v2\/users\/4"}],"replies":[{"embeddable":true,"href":"https:\/\/fdnoaxaca.net\/index.php\/wp-json\/wp\/v2\/comments?post=3610"}],"version-history":[{"count":1,"href":"https:\/\/fdnoaxaca.net\/index.php\/wp-json\/wp\/v2\/posts\/3610\/revisions"}],"predecessor-version":[{"id":3612,"href":"https:\/\/fdnoaxaca.net\/index.php\/wp-json\/wp\/v2\/posts\/3610\/revisions\/3612"}],"wp:featuredmedia":[{"embeddable":true,"href":"https:\/\/fdnoaxaca.net\/index.php\/wp-json\/wp\/v2\/media\/3611"}],"wp:attachment":[{"href":"https:\/\/fdnoaxaca.net\/index.php\/wp-json\/wp\/v2\/media?parent=3610"}],"wp:term":[{"taxonomy":"category","embeddable":true,"href":"https:\/\/fdnoaxaca.net\/index.php\/wp-json\/wp\/v2\/categories?post=3610"},{"taxonomy":"post_tag","embeddable":true,"href":"https:\/\/fdnoaxaca.net\/index.php\/wp-json\/wp\/v2\/tags?post=3610"}],"curies":[{"name":"wp","href":"https:\/\/api.w.org\/{rel}","templated":true}]}}