{"id":3633,"date":"2020-04-25T00:56:04","date_gmt":"2020-04-25T00:56:04","guid":{"rendered":"http:\/\/fdnoaxaca.net\/?p=3633"},"modified":"2020-04-25T00:56:07","modified_gmt":"2020-04-25T00:56:07","slug":"se-presentara-la-puesta-en-escena-presagio-con-la-compania-estatal-de-danza-contemporanea","status":"publish","type":"post","link":"https:\/\/fdnoaxaca.net\/index.php\/2020\/04\/25\/se-presentara-la-puesta-en-escena-presagio-con-la-compania-estatal-de-danza-contemporanea\/","title":{"rendered":"Se presentar\u00e1 la puesta en escena \u201cPresagio\u201d con la Compa\u00f1\u00eda Estatal de Danza Contempor\u00e1nea"},"content":{"rendered":"\n<p><strong>Oaxaca de Ju<\/strong><strong>\u00e1<\/strong><strong>rez, Oax. 24 de abril de 2020.<\/strong>&nbsp; La Secretar\u00eda de las Culturas y Artes de Oaxaca (Seculta) a trav\u00e9s de la Compa\u00f1\u00eda Estatal de Danza Contempor\u00e1nea anuncian la presentaci\u00f3n de la funci\u00f3n \u201cPresagio\u201d de Alejandra Serret, que podr\u00e1n disfrutarla a trav\u00e9s de la cuenta de Facebook de la dependencia estatal, este s\u00e1bado 25 a las 12:00 horas.<\/p>\n\n\n\n<p>Esta funci\u00f3n de la Compa\u00f1\u00eda Estatal de Danza Contempor\u00e1nea deleitar\u00e1 nuevamente con dicho espect\u00e1culo danc\u00edstico; esto tambi\u00e9n ante la instrucci\u00f3n del gobernador Alejandro Murat Hinojosa de ofrecer contenido cultural para toda la familia y disfrutarla en la comodidad de su casa durante la contingencia sanitaria del COVID-19 fase 3.<\/p>\n\n\n\n<p>\u201cPresagios\u201d es una obra danc\u00edstica que en su descripci\u00f3n de la obra es un \u201cdevenir de sucesos, seres que se esfuman y se abandonan a la soledad\u201d; la cual est\u00e1 bajo la direcci\u00f3n art\u00edstica de la maestra Alejandra Serret con m\u00fasica de Phillip Glass y la interpretaci\u00f3n de Mayela Marfil, C\u00e9sar Castellanos, Julio P\u00e9rez, Jezmin Fenochio, Eduardo Castellanos y Shantal Gonz\u00e1lez.<\/p>\n\n\n\n<p>La&nbsp; Compa\u00f1\u00eda Estatal de Danza Contempor\u00e1nea de Oaxaca perteneciente a la Seculta, cuenta con casi 40 a\u00f1os en los escenarios y en estos momentos de resguardo por la pandemia Covid-19 llega hasta sus dispositivos y en la comodidad de su hogar, con la obra \u201cPresagios\u201d.<\/p>\n\n\n\n<p>La Seculta, invita a seguir esta transmisi\u00f3n\u00a0 el d\u00eda s\u00e1bado 25 de abril a las 12 horas y disfrutar de este espect\u00e1culo lleno de danza, m\u00fasica y de movimientos de gran calidad y desde la comodidad de su casa.<\/p>\n\n\n\n<p><\/p>\n\n\n\n<h4 class=\"wp-block-heading\" style=\"text-align:center\">Tambi\u00e9n te puede interesar:<\/h4>\n\n\n<ul class=\"wp-block-latest-posts__list is-grid columns-2 wp-block-latest-posts\"><li><a class=\"wp-block-latest-posts__post-title\" href=\"https:\/\/fdnoaxaca.net\/index.php\/2026\/04\/28\/alcanzan-objetivo-de-carrera-con-causa-gotas-de-alegria\/\">Alcanzan objetivo de carrera con causa &#8220;Gotas de alegr\u00eda&#8221;<\/a><\/li>\n<li><a class=\"wp-block-latest-posts__post-title\" href=\"https:\/\/fdnoaxaca.net\/index.php\/2026\/04\/22\/convocan-a-carrera-gotas-de-alegria-lo-recaudado-sera-para-tratamiento-de-ninos-que-enfrentan-cancer-2\/\">Convocan a carrera \u201cGotas de alegr\u00eda\u201d; lo recaudado ser\u00e1 para tratamiento de ni\u00f1os que enfrentan c\u00e1ncer\u00a0<\/a><\/li>\n<li><a class=\"wp-block-latest-posts__post-title\" href=\"https:\/\/fdnoaxaca.net\/index.php\/2026\/01\/30\/tlaxiaco-primera-fecha-del-serial-de-bicicleta-de-montana-en-la-mixteca\/\">Tlaxiaco, primera fecha del Serial de Bicicleta de Monta\u00f1a en la Mixteca\u00a0<\/a><\/li>\n<li><a class=\"wp-block-latest-posts__post-title\" href=\"https:\/\/fdnoaxaca.net\/index.php\/2026\/01\/17\/centro-historico-y-ruta-de-las-artesanias-una-opcion-para-disfrutar-en-oaxaca\/\">Centro Hist\u00f3rico y Ruta de las Artesan\u00edas, una opci\u00f3n para disfrutar en Oaxaca<\/a><\/li>\n<\/ul>","protected":false},"excerpt":{"rendered":"<p>Oaxaca de Ju\u00e1rez, Oax. 24 de abril de 2020.&nbsp; La Secretar\u00eda de las Culturas y Artes de Oaxaca (Seculta) a trav\u00e9s de la Compa\u00f1\u00eda Estatal de Danza Contempor\u00e1nea anuncian la presentaci\u00f3n de la funci\u00f3n \u201cPresagio\u201d de Alejandra Serret, que podr\u00e1n disfrutarla a trav\u00e9s de la cuenta de Facebook de la dependencia estatal, este s\u00e1bado 25&#8230;<\/p>\n","protected":false},"author":4,"featured_media":3634,"comment_status":"closed","ping_status":"closed","sticky":false,"template":"","format":"standard","meta":{"footnotes":""},"categories":[50],"tags":[],"class_list":["post-3633","post","type-post","status-publish","format-standard","has-post-thumbnail","hentry","category-suplementos"],"_links":{"self":[{"href":"https:\/\/fdnoaxaca.net\/index.php\/wp-json\/wp\/v2\/posts\/3633","targetHints":{"allow":["GET"]}}],"collection":[{"href":"https:\/\/fdnoaxaca.net\/index.php\/wp-json\/wp\/v2\/posts"}],"about":[{"href":"https:\/\/fdnoaxaca.net\/index.php\/wp-json\/wp\/v2\/types\/post"}],"author":[{"embeddable":true,"href":"https:\/\/fdnoaxaca.net\/index.php\/wp-json\/wp\/v2\/users\/4"}],"replies":[{"embeddable":true,"href":"https:\/\/fdnoaxaca.net\/index.php\/wp-json\/wp\/v2\/comments?post=3633"}],"version-history":[{"count":1,"href":"https:\/\/fdnoaxaca.net\/index.php\/wp-json\/wp\/v2\/posts\/3633\/revisions"}],"predecessor-version":[{"id":3635,"href":"https:\/\/fdnoaxaca.net\/index.php\/wp-json\/wp\/v2\/posts\/3633\/revisions\/3635"}],"wp:featuredmedia":[{"embeddable":true,"href":"https:\/\/fdnoaxaca.net\/index.php\/wp-json\/wp\/v2\/media\/3634"}],"wp:attachment":[{"href":"https:\/\/fdnoaxaca.net\/index.php\/wp-json\/wp\/v2\/media?parent=3633"}],"wp:term":[{"taxonomy":"category","embeddable":true,"href":"https:\/\/fdnoaxaca.net\/index.php\/wp-json\/wp\/v2\/categories?post=3633"},{"taxonomy":"post_tag","embeddable":true,"href":"https:\/\/fdnoaxaca.net\/index.php\/wp-json\/wp\/v2\/tags?post=3633"}],"curies":[{"name":"wp","href":"https:\/\/api.w.org\/{rel}","templated":true}]}}