{"id":3654,"date":"2020-04-29T00:13:53","date_gmt":"2020-04-29T00:13:53","guid":{"rendered":"http:\/\/fdnoaxaca.net\/?p=3654"},"modified":"2020-04-29T00:13:56","modified_gmt":"2020-04-29T00:13:56","slug":"detengamos-la-pandemia-desde-las-areas-de-trabajo-smo","status":"publish","type":"post","link":"https:\/\/fdnoaxaca.net\/index.php\/2020\/04\/29\/detengamos-la-pandemia-desde-las-areas-de-trabajo-smo\/","title":{"rendered":"Detengamos la pandemia desde las \u00e1reas de trabajo: SMO"},"content":{"rendered":"\n<p><strong>Oaxaca de Ju\u00e1rez, Oax. 28 de abril de 2020.-<\/strong>&nbsp;En el marco del D\u00eda Mundial de la Seguridad y la Salud en el Trabajo, la Secretar\u00eda de las Mujeres de Oaxaca (SMO) destaca las recomendaciones de la Organizaci\u00f3n Internacional del Trabajo (OIT), cuyo lema para la conmemoraci\u00f3n de este a\u00f1o es \u201cDetengamos la pandemia: La seguridad y salud en el trabajo puede salvar vidas\u201d.<\/p>\n\n\n\n<p>La titular de la SMO, Ana V\u00e1squez Colmenares Guzm\u00e1n pide tomar en cuenta las recomendaciones de la OIT dado que el COVID-19 no afecta igual a mujeres que a hombres, por ello debe aplicarse la perspectiva de g\u00e9nero en todas las actividades de dise\u00f1o, ejecuci\u00f3n, seguimiento y evaluaci\u00f3n de la prevenci\u00f3n y la respuesta a la crisis, para promover la paz, posibilitar la recuperaci\u00f3n y potenciar la resiliencia.<\/p>\n\n\n\n<p>De acuerdo con la OIT, las epidemias impactan m\u00e1s en lo econ\u00f3mico en segmentos de poblaci\u00f3n, empeorando la desigualdad que afecta principalmente a integrantes de la comunidad trabajadora como las mujeres, sobrerrepresentadas en ocupaciones en la primera l\u00ednea de la lucha contra la pandemia y que soportan una triple jornada, con responsabilidades de cuidado al estar cerradas las escuelas y guarder\u00edas, por ejemplo.<\/p>\n\n\n\n<p>Durante una pandemia toda la poblaci\u00f3n est\u00e1 sometida a niveles de estr\u00e9s elevados que pueden tener efectos graves en la salud mental, especialmente en los casos en que se impone el aislamiento obligatorio en el hogar; la violencia y el acoso (tanto f\u00edsico como psicol\u00f3gico) pueden aumentar durante un brote, al igual que el estigma social y la discriminaci\u00f3n.<\/p>\n\n\n\n<p>En este contexto, la SMO se pronuncia por considerar la aplicaci\u00f3n de medidas en materia de Seguridad y Salud en el Trabajo (SST) para reducir riesgos psicosociales, incluidos violencia y acoso, promover la salud mental y el bienestar, adem\u00e1s de prevenir consecuencias a largo plazo en el bienestar de la comunidad trabajadora; al igual que la salud mental de las personas que trabajan desde sus domicilios, principalmente las mujeres.<\/p>\n\n\n\n<p>La OIT busca sensibilizar con esta fecha, sobre la adopci\u00f3n de pr\u00e1cticas seguras en los lugares de trabajo y el papel que desempe\u00f1an los servicios de seguridad y seguridad y salud en el trabajo; adem\u00e1s de medidas en los sistemas y pol\u00edticas de gesti\u00f3n de la SST a nivel nacional y empresarial, para mantener la contenci\u00f3n del COVID-19.<\/p>\n","protected":false},"excerpt":{"rendered":"<p>Oaxaca de Ju\u00e1rez, Oax. 28 de abril de 2020.-&nbsp;En el marco del D\u00eda Mundial de la Seguridad y la Salud en el Trabajo, la Secretar\u00eda de las Mujeres de Oaxaca (SMO) destaca las recomendaciones de la Organizaci\u00f3n Internacional del Trabajo (OIT), cuyo lema para la conmemoraci\u00f3n de este a\u00f1o es \u201cDetengamos la pandemia: La seguridad&#8230;<\/p>\n","protected":false},"author":4,"featured_media":3655,"comment_status":"closed","ping_status":"closed","sticky":false,"template":"","format":"standard","meta":{"footnotes":""},"categories":[4],"tags":[],"class_list":["post-3654","post","type-post","status-publish","format-standard","has-post-thumbnail","hentry","category-general"],"_links":{"self":[{"href":"https:\/\/fdnoaxaca.net\/index.php\/wp-json\/wp\/v2\/posts\/3654","targetHints":{"allow":["GET"]}}],"collection":[{"href":"https:\/\/fdnoaxaca.net\/index.php\/wp-json\/wp\/v2\/posts"}],"about":[{"href":"https:\/\/fdnoaxaca.net\/index.php\/wp-json\/wp\/v2\/types\/post"}],"author":[{"embeddable":true,"href":"https:\/\/fdnoaxaca.net\/index.php\/wp-json\/wp\/v2\/users\/4"}],"replies":[{"embeddable":true,"href":"https:\/\/fdnoaxaca.net\/index.php\/wp-json\/wp\/v2\/comments?post=3654"}],"version-history":[{"count":1,"href":"https:\/\/fdnoaxaca.net\/index.php\/wp-json\/wp\/v2\/posts\/3654\/revisions"}],"predecessor-version":[{"id":3656,"href":"https:\/\/fdnoaxaca.net\/index.php\/wp-json\/wp\/v2\/posts\/3654\/revisions\/3656"}],"wp:featuredmedia":[{"embeddable":true,"href":"https:\/\/fdnoaxaca.net\/index.php\/wp-json\/wp\/v2\/media\/3655"}],"wp:attachment":[{"href":"https:\/\/fdnoaxaca.net\/index.php\/wp-json\/wp\/v2\/media?parent=3654"}],"wp:term":[{"taxonomy":"category","embeddable":true,"href":"https:\/\/fdnoaxaca.net\/index.php\/wp-json\/wp\/v2\/categories?post=3654"},{"taxonomy":"post_tag","embeddable":true,"href":"https:\/\/fdnoaxaca.net\/index.php\/wp-json\/wp\/v2\/tags?post=3654"}],"curies":[{"name":"wp","href":"https:\/\/api.w.org\/{rel}","templated":true}]}}