{"id":3677,"date":"2020-04-29T01:52:12","date_gmt":"2020-04-29T01:52:12","guid":{"rendered":"http:\/\/fdnoaxaca.net\/?p=3677"},"modified":"2020-04-29T01:52:15","modified_gmt":"2020-04-29T01:52:15","slug":"durante-la-etapa-de-aislamiento-es-importante-que-padres-e-hijos-estimulen-sus-habilidades-y-conocimientos","status":"publish","type":"post","link":"https:\/\/fdnoaxaca.net\/index.php\/2020\/04\/29\/durante-la-etapa-de-aislamiento-es-importante-que-padres-e-hijos-estimulen-sus-habilidades-y-conocimientos\/","title":{"rendered":"Durante la etapa de aislamiento es importante que padres e hijos estimulen sus habilidades y conocimientos"},"content":{"rendered":"\n<p><strong>Oaxaca de Ju\u00e1rez, Oax. 27 de abril de 2020.-<\/strong>&nbsp;Para aprovechar los espacios de tiempo disponibles y estimular las habilidades del pensamiento de ni\u00f1as y ni\u00f1os durante la etapa de confinamiento, Dulce Elena L\u00f3pez Rodr\u00edguez, integrante del Departamento de Diagn\u00f3stico y Seguimiento de la Secretar\u00eda de Administraci\u00f3n, dio a conocer cinco recomendaciones que se pueden practicar en casa.<br><\/p>\n\n\n\n<p>\u00c9stas son:<br><\/p>\n\n\n\n<p>1.- Realizar diferentes ejercicios para fortalecer la motricidad fina, como puede ser colorear, realizar trazos de n\u00fameros, palabras o letras.<br><\/p>\n\n\n\n<p>&nbsp;2.- Relacionar diferentes elementos, formas, tama\u00f1os y colores, esto se puede realizar con la ayuda de diferentes fichas que tengan objetos variados.<br><\/p>\n\n\n\n<p>3.- Asociar las formas con el espacio, es decir, con ayuda de bloques, diferentes elementos, tama\u00f1os y colores, se pueden crear y construir nuevas estructuras.<br><\/p>\n\n\n\n<p>4.- Se pueden buscar nuevas alternativas para solucionar las sopas de letras, crucigramas y laberintos.<br><\/p>\n\n\n\n<p>5.- Explorar historias, personajes &nbsp;y escenarios, esto se puede realizar a trav\u00e9s de la lectura, actividad que ayuda a fortalecer el pensamiento divergente.<br><\/p>\n\n\n\n<p>De profesi\u00f3n licenciada en Educaci\u00f3n, Dulce L\u00f3pez Rodr\u00edguez puntualiz\u00f3 que fundamental pasar tiempo de calidad entre padres e hijos, principalmente en esta etapa de aislamiento, ya que estas acciones fortalecen el entorno familiar.<br><\/p>\n\n\n\n<p>Dijo que su labor en el dise\u00f1o, implementaci\u00f3n y evaluaci\u00f3n de proyectos de capacitaci\u00f3n y profesionalizaci\u00f3n de servidoras y servidores p\u00fablicos se complementa con su experiencia profesional en educaci\u00f3n y pedagog\u00eda, por ello estas recomendaciones han tenido resultados positivos y en estos momentos es una oportunidad ideal para llevarlas a cabo.<\/p>\n\n\n\n<p><\/p>\n\n\n\n<h4 class=\"wp-block-heading\" style=\"text-align:center\">Tambi\u00e9n te puede interesar:<\/h4>\n\n\n<ul class=\"wp-block-latest-posts__list is-grid columns-2 wp-block-latest-posts\"><li><a class=\"wp-block-latest-posts__post-title\" href=\"https:\/\/fdnoaxaca.net\/index.php\/2026\/04\/28\/alcanzan-objetivo-de-carrera-con-causa-gotas-de-alegria\/\">Alcanzan objetivo de carrera con causa &#8220;Gotas de alegr\u00eda&#8221;<\/a><\/li>\n<li><a class=\"wp-block-latest-posts__post-title\" href=\"https:\/\/fdnoaxaca.net\/index.php\/2026\/04\/22\/convocan-a-carrera-gotas-de-alegria-lo-recaudado-sera-para-tratamiento-de-ninos-que-enfrentan-cancer-2\/\">Convocan a carrera \u201cGotas de alegr\u00eda\u201d; lo recaudado ser\u00e1 para tratamiento de ni\u00f1os que enfrentan c\u00e1ncer\u00a0<\/a><\/li>\n<li><a class=\"wp-block-latest-posts__post-title\" href=\"https:\/\/fdnoaxaca.net\/index.php\/2026\/01\/30\/tlaxiaco-primera-fecha-del-serial-de-bicicleta-de-montana-en-la-mixteca\/\">Tlaxiaco, primera fecha del Serial de Bicicleta de Monta\u00f1a en la Mixteca\u00a0<\/a><\/li>\n<li><a class=\"wp-block-latest-posts__post-title\" href=\"https:\/\/fdnoaxaca.net\/index.php\/2026\/01\/17\/centro-historico-y-ruta-de-las-artesanias-una-opcion-para-disfrutar-en-oaxaca\/\">Centro Hist\u00f3rico y Ruta de las Artesan\u00edas, una opci\u00f3n para disfrutar en Oaxaca<\/a><\/li>\n<\/ul>","protected":false},"excerpt":{"rendered":"<p>Oaxaca de Ju\u00e1rez, Oax. 27 de abril de 2020.-&nbsp;Para aprovechar los espacios de tiempo disponibles y estimular las habilidades del pensamiento de ni\u00f1as y ni\u00f1os durante la etapa de confinamiento, Dulce Elena L\u00f3pez Rodr\u00edguez, integrante del Departamento de Diagn\u00f3stico y Seguimiento de la Secretar\u00eda de Administraci\u00f3n, dio a conocer cinco recomendaciones que se pueden practicar&#8230;<\/p>\n","protected":false},"author":4,"featured_media":3678,"comment_status":"closed","ping_status":"closed","sticky":false,"template":"","format":"standard","meta":{"footnotes":""},"categories":[50],"tags":[],"class_list":["post-3677","post","type-post","status-publish","format-standard","has-post-thumbnail","hentry","category-suplementos"],"_links":{"self":[{"href":"https:\/\/fdnoaxaca.net\/index.php\/wp-json\/wp\/v2\/posts\/3677","targetHints":{"allow":["GET"]}}],"collection":[{"href":"https:\/\/fdnoaxaca.net\/index.php\/wp-json\/wp\/v2\/posts"}],"about":[{"href":"https:\/\/fdnoaxaca.net\/index.php\/wp-json\/wp\/v2\/types\/post"}],"author":[{"embeddable":true,"href":"https:\/\/fdnoaxaca.net\/index.php\/wp-json\/wp\/v2\/users\/4"}],"replies":[{"embeddable":true,"href":"https:\/\/fdnoaxaca.net\/index.php\/wp-json\/wp\/v2\/comments?post=3677"}],"version-history":[{"count":1,"href":"https:\/\/fdnoaxaca.net\/index.php\/wp-json\/wp\/v2\/posts\/3677\/revisions"}],"predecessor-version":[{"id":3679,"href":"https:\/\/fdnoaxaca.net\/index.php\/wp-json\/wp\/v2\/posts\/3677\/revisions\/3679"}],"wp:featuredmedia":[{"embeddable":true,"href":"https:\/\/fdnoaxaca.net\/index.php\/wp-json\/wp\/v2\/media\/3678"}],"wp:attachment":[{"href":"https:\/\/fdnoaxaca.net\/index.php\/wp-json\/wp\/v2\/media?parent=3677"}],"wp:term":[{"taxonomy":"category","embeddable":true,"href":"https:\/\/fdnoaxaca.net\/index.php\/wp-json\/wp\/v2\/categories?post=3677"},{"taxonomy":"post_tag","embeddable":true,"href":"https:\/\/fdnoaxaca.net\/index.php\/wp-json\/wp\/v2\/tags?post=3677"}],"curies":[{"name":"wp","href":"https:\/\/api.w.org\/{rel}","templated":true}]}}