{"id":3717,"date":"2020-05-02T20:59:31","date_gmt":"2020-05-02T20:59:31","guid":{"rendered":"http:\/\/fdnoaxaca.net\/?p=3717"},"modified":"2020-05-02T20:59:35","modified_gmt":"2020-05-02T20:59:35","slug":"disfruta-del-programa-cuentos-en-casa-a-traves-de-redes-sociales","status":"publish","type":"post","link":"https:\/\/fdnoaxaca.net\/index.php\/2020\/05\/02\/disfruta-del-programa-cuentos-en-casa-a-traves-de-redes-sociales\/","title":{"rendered":"Disfruta del programa \u201cCuentos en Casa\u201d a trav\u00e9s de Redes Sociales"},"content":{"rendered":"\n<p>Oaxaca de Ju\u00e1rez, Oax. 2 de mayo de 2020.- En estos momentos de resguardo en casa por el COVID-19, la Secretar\u00eda de las Culturas y Artes de Oaxaca (Seculta) invita a la sociedad oaxaque\u00f1a a disfrutar del programa \u201cCuentos en Casa\u201d; mediante el cual las y los ni\u00f1os podr\u00e1n disfrutar&nbsp; en familia de lecturas infantiles animadas, todos los s\u00e1bados del mes de mayo en punto de las 18:00 horas, a trav\u00e9s de las redes sociales de la dependencia.<\/p>\n\n\n\n<p>La titular de la Seculta, Karla Villaca\u00f1a Quevedo se\u00f1al\u00f3 que esta actividad busca generar contenido cultural de calidad para las familias que se encuentran en casa y formar nuevos p\u00fablicos a trav\u00e9s de relatos, cuentos o leyendas que contribuyan a desarrollar su imaginaci\u00f3n.<\/p>\n\n\n\n<p>Expres\u00f3 que estos cuentos son una opci\u00f3n m\u00e1s para que las y los ni\u00f1os y el resto de la familia, puedan divertirse con el uso de las redes sociales, echando a volar la imaginaci\u00f3n con las lecturas de cuentos infantiles animados que se presentar\u00e1n.<\/p>\n\n\n\n<p>Entre los cuentos est\u00e1n: \u201cLuciana la Pejesapo\u201d de Ver\u00f3nica Murgu\u00eda con ilustraciones de Juan Gedovius de la editorial Fondo de Cultura Econ\u00f3mica (A la Orilla del Viento), edici\u00f3n 2016. Esta obra de literatura para ni\u00f1os y j\u00f3venes, es una narrativa que cuenta la aventura de \u201cLuciana\u201d, quien vive en las profundidades del mar; quien decide subir a la superficie, para comprobar si el sol brilla m\u00e1s que todos los animales del fondo.<\/p>\n\n\n\n<p>Tambi\u00e9n, \u201cSecretos de familia\u201d de Marisol Misenta, mejor conocida como \u201cIsol\u201d; esta escritora argentina detalla que la protagonista de la historia, en una ma\u00f1ana descubre que su madre \u00a1es un puercoesp\u00edn!, por ello le pidi\u00f3 a su amiga que la invite a dormir a su casa, pero descubri\u00f3 que la familia de Elisa son osos. Un divertido relato sobre las fantas\u00edas infantiles y aspectos de la vida familiar.<\/p>\n\n\n\n<p>Un tercer cuento es: \u201cM\u00e1s te vale mastodonte\u201d de la escritora Micaela Chirif e ilustrado por Issa Watanabe, un libro de estilo narrativo. El cuento comienza con \u201cLos mastodontes son enormes y feroces\u201d, indica el peque\u00f1o narrador de la historia. El suyo, es uno muy rebelde pues cada vez que le pide algo, \u00e9l responde con un \u201c\u00a1No!\u201d. Este relato muestra la importancia de la autonom\u00eda de las y los peque\u00f1os cuando ya no dependen tanto de las personas adultas.<\/p>\n\n\n\n<p>De igual manera podr\u00e1n disfrutar de \u201cLos d\u00edas raros\u201d de Roger Ycaza y Mar\u00eda Fernanda Heredia, es una encantadora y melanc\u00f3lica historia infantil, que muestra que todas las personas tienen un d\u00eda raro, en el que deben despedirse de una u otra cosa. Es un viaje por dudas infantiles, donde los d\u00edas pueden sonre\u00edr, sentirse tristes y hasta aburrirse.<\/p>\n\n\n\n<p>Por \u00faltimo, \u201cNosotras\u201d, de Ana Romero e ilustrado por Valeria Gallo, es un libro distinto, original, \u00fanico, seg\u00fan la opini\u00f3n de expertos. Est\u00e1 orientado para un p\u00fablico infantil y juvenil ya que trata temas sobre la equidad y romper estereotipos de g\u00e9nero. &#8220;Hace mucho tiempo se nos prohib\u00edan montones de cosas. Hab\u00eda verbos peligrosos a los que no pod\u00edamos asomar la nariz. Ni los ojos. Tampoco la boca&#8221;, se lee en el cuento.<\/p>\n\n\n\n<p>Estos contenidos culturales podr\u00e1s disfrutarlos cada s\u00e1bado de mayo a las 18:00 horas a trav\u00e9s de las redes sociales de la Seculta que este s\u00e1bado 2 de mayo comienzan con &#8220;Secreto de familia&#8221;, por Facebook en:&nbsp;<a href=\"http:\/\/www.facebook.com\/seculta\" target=\"_blank\" rel=\"noreferrer noopener\">www.facebook.com\/seculta<\/a>;&nbsp; en twitter: @SECULTA_GobOax y Youtube: SECULTA GobOax.<\/p>\n","protected":false},"excerpt":{"rendered":"<p>Oaxaca de Ju\u00e1rez, Oax. 2 de mayo de 2020.- En estos momentos de resguardo en casa por el COVID-19, la Secretar\u00eda de las Culturas y Artes de Oaxaca (Seculta) invita a la sociedad oaxaque\u00f1a a disfrutar del programa \u201cCuentos en Casa\u201d; mediante el cual las y los ni\u00f1os podr\u00e1n disfrutar&nbsp; en familia de lecturas infantiles&#8230;<\/p>\n","protected":false},"author":4,"featured_media":3718,"comment_status":"closed","ping_status":"closed","sticky":false,"template":"","format":"standard","meta":{"footnotes":""},"categories":[50],"tags":[],"class_list":["post-3717","post","type-post","status-publish","format-standard","has-post-thumbnail","hentry","category-suplementos"],"_links":{"self":[{"href":"https:\/\/fdnoaxaca.net\/index.php\/wp-json\/wp\/v2\/posts\/3717","targetHints":{"allow":["GET"]}}],"collection":[{"href":"https:\/\/fdnoaxaca.net\/index.php\/wp-json\/wp\/v2\/posts"}],"about":[{"href":"https:\/\/fdnoaxaca.net\/index.php\/wp-json\/wp\/v2\/types\/post"}],"author":[{"embeddable":true,"href":"https:\/\/fdnoaxaca.net\/index.php\/wp-json\/wp\/v2\/users\/4"}],"replies":[{"embeddable":true,"href":"https:\/\/fdnoaxaca.net\/index.php\/wp-json\/wp\/v2\/comments?post=3717"}],"version-history":[{"count":1,"href":"https:\/\/fdnoaxaca.net\/index.php\/wp-json\/wp\/v2\/posts\/3717\/revisions"}],"predecessor-version":[{"id":3719,"href":"https:\/\/fdnoaxaca.net\/index.php\/wp-json\/wp\/v2\/posts\/3717\/revisions\/3719"}],"wp:featuredmedia":[{"embeddable":true,"href":"https:\/\/fdnoaxaca.net\/index.php\/wp-json\/wp\/v2\/media\/3718"}],"wp:attachment":[{"href":"https:\/\/fdnoaxaca.net\/index.php\/wp-json\/wp\/v2\/media?parent=3717"}],"wp:term":[{"taxonomy":"category","embeddable":true,"href":"https:\/\/fdnoaxaca.net\/index.php\/wp-json\/wp\/v2\/categories?post=3717"},{"taxonomy":"post_tag","embeddable":true,"href":"https:\/\/fdnoaxaca.net\/index.php\/wp-json\/wp\/v2\/tags?post=3717"}],"curies":[{"name":"wp","href":"https:\/\/api.w.org\/{rel}","templated":true}]}}