{"id":3752,"date":"2020-05-06T23:05:39","date_gmt":"2020-05-06T23:05:39","guid":{"rendered":"http:\/\/fdnoaxaca.net\/?p=3752"},"modified":"2020-05-06T23:05:42","modified_gmt":"2020-05-06T23:05:42","slug":"neoliberalismo-no-es-un-adios-sino-un-hasta-pronto","status":"publish","type":"post","link":"https:\/\/fdnoaxaca.net\/index.php\/2020\/05\/06\/neoliberalismo-no-es-un-adios-sino-un-hasta-pronto\/","title":{"rendered":"Neoliberalismo. No es un adi\u00f3s, sino un hasta pronto"},"content":{"rendered":"\n<p>Es una tradici\u00f3n de la actual administraci\u00f3n federal, encabezada por L\u00f3pez Obrador, culpar a los reg\u00edmenes pol\u00edticos anteriores de la corrupci\u00f3n y desagracias del M\u00e9xico actual; empero, el neoliberalismo, ha sido el modelo econ\u00f3mico que m\u00e1s cr\u00edticas ha recibido por parte del Primer Mandatario.<\/p>\n\n\n\n<p>Sin lugar a dudas, se ha preguntado \u00bfQu\u00e9 es el neoliberalismo? Desde el punto de vista etimol\u00f3gico y gramatical, proviene de los t\u00e9rminos <em>neo, <\/em>que significa nuevo, y liberalismo, el cual puede entenderse en dos sentidos: uno pol\u00edtico y otro econ\u00f3mico.<\/p>\n\n\n\n<p>Desde el punto de vista pol\u00edtico, se entiende como los l\u00edmites que posee el Estado, es decir, es lo opuesto al concepto de absolutismo; en este tenor se refiere a la presencia de la divisi\u00f3n de poderes y el respeto a los derechos humanos. El art\u00edculo 16 de la Declaraci\u00f3n de los Derechos del Hombre y del Ciudadano, resume esta figura estatal de la siguiente manera: \u201cToda la sociedad en la cual la garant\u00eda de los derechos no est\u00e1 asegurada ni la separaci\u00f3n de poderes establecida, no tiene Constituci\u00f3n.\u201d<\/p>\n\n\n\n<p>Por lo que respecta al \u00e1mbito econ\u00f3mico, el liberalismo, es la doctrina que consiste en la intervenci\u00f3n m\u00ednima del Estado en la econom\u00eda. Por lo que el neoliberalismo confirma la nula participaci\u00f3n estatal, despoj\u00e1ndose de las empresas p\u00fablicas mediante la privatizaci\u00f3n.  La doctrina liberal tiene su g\u00e9nesis entre los siglos XVIII y XIX, pero fue la Revoluci\u00f3n Francesa, la que consolidar\u00eda esta corriente de pensamiento en lo pol\u00edtico y econ\u00f3mico. Fue la \u00e9poca donde se garantizaron las libertades como trabajo, pensamiento, asociaci\u00f3n. La clase emergente fue la burgues\u00eda, que arrebat\u00f3 el poder pol\u00edtico a la nobleza.<\/p>\n\n\n\n<p>Desafortunadamente, con el exceso de libertades comenzaron los abusos, sobre todo para la clase obrera, como las jornadas de trabajo de sol a sol. Ante estas arbitrariedades, surge el Estado Social, que se entromete en la econom\u00eda mediante las empresas paraestatales y brindado servicios, convirti\u00e9ndose en una administraci\u00f3n obesa y poco productiva.<\/p>\n\n\n\n<p>A nivel mundial, el neoliberalismo, se implement\u00f3 en la d\u00e9cada de los setenta, pero se consolida en los ochenta bajo los mandatos de Margaret Thatcher y Ronald Reagan. En M\u00e9xico, el modelo se implement\u00f3 bajo la presidencia de Miguel de la Madrid Hurtado (1982-1988), empero, fue Carlos Salinas de Gortari (1988-1994) el operador principal de este modelo, porque en su sexenio se llev\u00f3\u00a0 a cabo la privatizaci\u00f3n de algunas actividades econ\u00f3micas como telefon\u00eda, servicios de la banca, aeropuertos, entre otros.<\/p>\n\n\n\n<p>El Estado neoliberal tambi\u00e9n se caracteriza porque las decisiones econ\u00f3micas son \u201crecomendadas\u201d por organismos internacionales como el Banco Mundial, el Fondo Monetario Internacional y por empresas transnacionales. El ente pol\u00edtico se vuelve un \u00e1rbitro que se limita a observar las reglas del mercado, adjudic\u00e1ndose s\u00f3lo algunos servicios de justicia, salud, educaci\u00f3n, entre otros.<\/p>\n\n\n\n<p>En este sentido, el Estado neoliberal, s\u00f3lo regula la econom\u00eda a trav\u00e9s de \u00f3rganos constitucionales, como es el caso mexicano a trav\u00e9s del Instituto Federal de Telecomunicaciones o la Comisi\u00f3n Federal de Competencia.<\/p>\n\n\n\n<p>\u00bfEl Estado debe seguir administrando empresas p\u00fablicas? El debate sobre el cambio de modelo econ\u00f3mico sigue y seguir\u00e1 durante un buen tiempo, m\u00e1s a\u00fan cuando PEMEX, inform\u00f3 que en el primer trimestre del a\u00f1o 2020, tuvo p\u00e9rdidas por un monto de\u00a0 562 mil millones de pesos, a causa del COVID-19. Sin embargo, el problema de la paraestatal no es s\u00f3lo de este sexenio, sino de tiempo atr\u00e1s. AMLO sigue reiterando que el neoliberalismo ha dejado de existir en M\u00e9xico, sin embargo, se visibiliza una participaci\u00f3n modesta del Estado en los servicios m\u00e9dicos, porque existe el desabasto de medicamentos y equipo necesarios para atender la pandemia y otras enfermedades; pero el ejemplo por antonomasia de la presencia del modelo econ\u00f3mico en comento, es que las empresas de los amigos de la 4T, sigue operando sin ninguna restricci\u00f3n.<\/p>\n\n\n\n<p>La historia no ha demostrado que los modelos no son \u201cpositivos\u201d o \u201cnegativos\u201d, depende mucho de las y los operadores del mismo.  <\/p>\n\n\n\n<p>Al final, Usted, tiene la mejor opini\u00f3n&#8230;<\/p>\n\n\n\n<p><strong>Julio Eduardo Manzano Bizuet<\/strong> <a href=\"#_ftnref1\">* Ex Defensor de las Audiencias de la CORTV.<\/a> Es licenciado en Derecho, maestro en Ciencias de la Educaci\u00f3n por el Instituto de Estudios Universitarios (IEU), maestro en Derecho Constitucional y Administrativo por la Universidad Lasalle, plantel Oaxaca. Desde 2010, es docente en las \u00e1reas de Derecho, Ciencias de la Comunicaci\u00f3n, Ciencias Pol\u00edticas y Econ\u00f3mico-Administrativas en diversas instituciones de educaci\u00f3n media superior y superior. \u00a0<strong>Twitter: @EduardoBizuet<\/strong><\/p>\n","protected":false},"excerpt":{"rendered":"<p>Es una tradici\u00f3n de la actual administraci\u00f3n federal, encabezada por L\u00f3pez Obrador, culpar a los reg\u00edmenes pol\u00edticos anteriores de la corrupci\u00f3n y desagracias del M\u00e9xico actual; empero, el neoliberalismo, ha sido el modelo econ\u00f3mico que m\u00e1s cr\u00edticas ha recibido por parte del Primer Mandatario. Sin lugar a dudas, se ha preguntado \u00bfQu\u00e9 es el neoliberalismo?&#8230;<\/p>\n","protected":false},"author":4,"featured_media":3753,"comment_status":"closed","ping_status":"closed","sticky":false,"template":"","format":"standard","meta":{"footnotes":""},"categories":[51],"tags":[],"class_list":["post-3752","post","type-post","status-publish","format-standard","has-post-thumbnail","hentry","category-perspectiva"],"_links":{"self":[{"href":"https:\/\/fdnoaxaca.net\/index.php\/wp-json\/wp\/v2\/posts\/3752","targetHints":{"allow":["GET"]}}],"collection":[{"href":"https:\/\/fdnoaxaca.net\/index.php\/wp-json\/wp\/v2\/posts"}],"about":[{"href":"https:\/\/fdnoaxaca.net\/index.php\/wp-json\/wp\/v2\/types\/post"}],"author":[{"embeddable":true,"href":"https:\/\/fdnoaxaca.net\/index.php\/wp-json\/wp\/v2\/users\/4"}],"replies":[{"embeddable":true,"href":"https:\/\/fdnoaxaca.net\/index.php\/wp-json\/wp\/v2\/comments?post=3752"}],"version-history":[{"count":1,"href":"https:\/\/fdnoaxaca.net\/index.php\/wp-json\/wp\/v2\/posts\/3752\/revisions"}],"predecessor-version":[{"id":3754,"href":"https:\/\/fdnoaxaca.net\/index.php\/wp-json\/wp\/v2\/posts\/3752\/revisions\/3754"}],"wp:featuredmedia":[{"embeddable":true,"href":"https:\/\/fdnoaxaca.net\/index.php\/wp-json\/wp\/v2\/media\/3753"}],"wp:attachment":[{"href":"https:\/\/fdnoaxaca.net\/index.php\/wp-json\/wp\/v2\/media?parent=3752"}],"wp:term":[{"taxonomy":"category","embeddable":true,"href":"https:\/\/fdnoaxaca.net\/index.php\/wp-json\/wp\/v2\/categories?post=3752"},{"taxonomy":"post_tag","embeddable":true,"href":"https:\/\/fdnoaxaca.net\/index.php\/wp-json\/wp\/v2\/tags?post=3752"}],"curies":[{"name":"wp","href":"https:\/\/api.w.org\/{rel}","templated":true}]}}