{"id":3793,"date":"2020-05-08T21:50:41","date_gmt":"2020-05-08T21:50:41","guid":{"rendered":"http:\/\/fdnoaxaca.net\/?p=3793"},"modified":"2020-05-08T21:50:44","modified_gmt":"2020-05-08T21:50:44","slug":"traslada-sspo-poblacion-penitenciaria-vulnerable-a-tanivet-para-evitar-contagios-por-covid-19","status":"publish","type":"post","link":"https:\/\/fdnoaxaca.net\/index.php\/2020\/05\/08\/traslada-sspo-poblacion-penitenciaria-vulnerable-a-tanivet-para-evitar-contagios-por-covid-19\/","title":{"rendered":"Traslada SSPO poblaci\u00f3n penitenciaria vulnerable a Tanivet para evitar contagios por COVID-19"},"content":{"rendered":"\n<p><strong>Oaxaca de Ju\u00e1rez, Oax., 08 de mayo de 2020.\u00a0<\/strong>Atendiendo las instrucciones de gobierno, como medida preventiva ante la Fase III de la Contingencia Sanitaria por el virus SARS-CoV2, la Secretar\u00eda de Seguridad P\u00fablica de Oaxaca (SSPO), a trav\u00e9s de la Subsecretar\u00eda de Prevenci\u00f3n y Reinserci\u00f3n Social, traslad\u00f3 a 49 Personas Privadas de Libertad (PPL) del Centro Penitenciario de Santa Mar\u00eda Ixcotel al ubicado en San Francisco Tanivet; por encontrarse dentro del grupo vulnerable de contagio por COVID-19, ya que padecen de enfermedades cr\u00f3nico degenerativas y\/o son adultos mayores.<\/p>\n\n\n\n<p>Dicho traslado se realiz\u00f3 con estricto apego a sus derechos humanos, conforme a las medidas preventivas establecidas y con fundamento jur\u00eddico en los art\u00edculos 1\u00b0, 2\u00b0, 3\u00b0 de la Ley Nacional de Ejecuci\u00f3n Penal; as\u00ed como en el 46 Apartado &#8220;A&#8221; de la Ley del Sistema Estatal de Seguridad P\u00fablica de Oaxaca.<\/p>\n\n\n\n<p>Cabe mencionar que en este proceso se dar\u00e1n todas las facilidades a sus familiares para garantizar la comunicaci\u00f3n, para que conozcan las nuevas formas de acceso y reglas en su nueva reclusi\u00f3n.&nbsp;<\/p>\n\n\n\n<p>Ello reducir\u00e1 significativamente el riesgo de contagio, aumentando las medidas sanitarias y la atenci\u00f3n m\u00e9dica en su nueva estancia. Es importante destacar que, dichas condiciones de prevenci\u00f3n fueron garantizadas tambi\u00e9n durante su traslado.&nbsp;<\/p>\n\n\n\n<p>La SSPO contin\u00faa implementando acciones en resguardo de la seguridad y salubridad de las PPL, de sus familiares y del personal penitenciario, al igual que de la ciudadan\u00eda en general.<\/p>\n","protected":false},"excerpt":{"rendered":"<p>Oaxaca de Ju\u00e1rez, Oax., 08 de mayo de 2020.\u00a0Atendiendo las instrucciones de gobierno, como medida preventiva ante la Fase III de la Contingencia Sanitaria por el virus SARS-CoV2, la Secretar\u00eda de Seguridad P\u00fablica de Oaxaca (SSPO), a trav\u00e9s de la Subsecretar\u00eda de Prevenci\u00f3n y Reinserci\u00f3n Social, traslad\u00f3 a 49 Personas Privadas de Libertad (PPL) del&#8230;<\/p>\n","protected":false},"author":4,"featured_media":3794,"comment_status":"closed","ping_status":"closed","sticky":false,"template":"","format":"standard","meta":{"footnotes":""},"categories":[4],"tags":[],"class_list":["post-3793","post","type-post","status-publish","format-standard","has-post-thumbnail","hentry","category-general"],"_links":{"self":[{"href":"https:\/\/fdnoaxaca.net\/index.php\/wp-json\/wp\/v2\/posts\/3793","targetHints":{"allow":["GET"]}}],"collection":[{"href":"https:\/\/fdnoaxaca.net\/index.php\/wp-json\/wp\/v2\/posts"}],"about":[{"href":"https:\/\/fdnoaxaca.net\/index.php\/wp-json\/wp\/v2\/types\/post"}],"author":[{"embeddable":true,"href":"https:\/\/fdnoaxaca.net\/index.php\/wp-json\/wp\/v2\/users\/4"}],"replies":[{"embeddable":true,"href":"https:\/\/fdnoaxaca.net\/index.php\/wp-json\/wp\/v2\/comments?post=3793"}],"version-history":[{"count":1,"href":"https:\/\/fdnoaxaca.net\/index.php\/wp-json\/wp\/v2\/posts\/3793\/revisions"}],"predecessor-version":[{"id":3795,"href":"https:\/\/fdnoaxaca.net\/index.php\/wp-json\/wp\/v2\/posts\/3793\/revisions\/3795"}],"wp:featuredmedia":[{"embeddable":true,"href":"https:\/\/fdnoaxaca.net\/index.php\/wp-json\/wp\/v2\/media\/3794"}],"wp:attachment":[{"href":"https:\/\/fdnoaxaca.net\/index.php\/wp-json\/wp\/v2\/media?parent=3793"}],"wp:term":[{"taxonomy":"category","embeddable":true,"href":"https:\/\/fdnoaxaca.net\/index.php\/wp-json\/wp\/v2\/categories?post=3793"},{"taxonomy":"post_tag","embeddable":true,"href":"https:\/\/fdnoaxaca.net\/index.php\/wp-json\/wp\/v2\/tags?post=3793"}],"curies":[{"name":"wp","href":"https:\/\/api.w.org\/{rel}","templated":true}]}}