{"id":3796,"date":"2020-05-08T22:15:53","date_gmt":"2020-05-08T22:15:53","guid":{"rendered":"http:\/\/fdnoaxaca.net\/?p=3796"},"modified":"2020-05-08T22:15:56","modified_gmt":"2020-05-08T22:15:56","slug":"fiscalia-vincula-a-proceso-a-mujer-por-el-probable-robo-de-joyas-a-su-concubino","status":"publish","type":"post","link":"https:\/\/fdnoaxaca.net\/index.php\/2020\/05\/08\/fiscalia-vincula-a-proceso-a-mujer-por-el-probable-robo-de-joyas-a-su-concubino\/","title":{"rendered":"Fiscal\u00eda vincula a proceso a mujer por el probable robo de joyas a su concubino"},"content":{"rendered":"\n<p><strong>Oaxaca de Ju\u00e1rez, Oax. 8 de mayo de 2020.<\/strong>&nbsp;La Fiscal\u00eda General del Estado de Oaxaca (FGEO), obtuvo del Juzgado de Control auto de vinculaci\u00f3n a proceso contra la mujer L. A. S. C., y el masculino F. P. S., se\u00f1alados como probables responsables del delito de robo calificado con violencia y lesiones calificadas contra el microempresario L. M. L. D. (quien es concubino de la imputada) y due\u00f1o de una joyer\u00eda ubicada en la ciudad de Oaxaca de Ju\u00e1rez.<\/p>\n\n\n\n<p>La imputada fue aprehendida por Agentes Estatales de Investigaci\u00f3n junto con el masculino F. P. S., y presentados de forma inmediata ante la autoridad que la requiri\u00f3 por los delitos antes mencionados, dando cumplimiento a la orden de aprehensi\u00f3n asentada en la causa penal 398\/2020.<\/p>\n\n\n\n<p>Los hechos se suscitaron el 23 de abril de 2020, aproximadamente a las 07:30 horas, cuando el microempresario joyero \u2013quien se encontraba sobre la calle Huerto Los Olmos, Fraccionamiento La Noria- fue abordado por el imputado F. P. S., quien en compa\u00f1\u00eda de otro sujeto, lo sometieron e introdujeron a su domicilio&nbsp;<\/p>\n\n\n\n<p>Posteriormente, en probable complicidad con la mujer L. A. S. C., los delincuentes sustrajeron aproximadamente 7.8 kilogramos de oro de diez quilates \u2013patrimonio de la v\u00edctima- quien al resistirse al asalto, fue lesionado con un objeto punzo cortante (cuchillo) y con un disparo de arma de fuego.<\/p>\n\n\n\n<p>Ante estos hechos, la Instituci\u00f3n de procuraci\u00f3n de justicia dio inicio a una exhaustiva investigaci\u00f3n a trav\u00e9s de su personal multidisciplinario, logrando identificar, aprehender y llevar ante el Juez de Control a los imputados.<\/p>\n\n\n\n<p>En audiencia, el Juez de Control determin\u00f3 vincular a proceso a la imputada L. A. S. C., y a F. P. S. imponi\u00e9ndoles la medida cautelar de prisi\u00f3n preventiva oficiosa y otorgando dos meses para el cierre de investigaci\u00f3n complementaria.<\/p>\n","protected":false},"excerpt":{"rendered":"<p>Oaxaca de Ju\u00e1rez, Oax. 8 de mayo de 2020.&nbsp;La Fiscal\u00eda General del Estado de Oaxaca (FGEO), obtuvo del Juzgado de Control auto de vinculaci\u00f3n a proceso contra la mujer L. A. S. C., y el masculino F. P. S., se\u00f1alados como probables responsables del delito de robo calificado con violencia y lesiones calificadas contra el&#8230;<\/p>\n","protected":false},"author":4,"featured_media":3797,"comment_status":"closed","ping_status":"closed","sticky":false,"template":"","format":"standard","meta":{"footnotes":""},"categories":[4],"tags":[],"class_list":["post-3796","post","type-post","status-publish","format-standard","has-post-thumbnail","hentry","category-general"],"_links":{"self":[{"href":"https:\/\/fdnoaxaca.net\/index.php\/wp-json\/wp\/v2\/posts\/3796","targetHints":{"allow":["GET"]}}],"collection":[{"href":"https:\/\/fdnoaxaca.net\/index.php\/wp-json\/wp\/v2\/posts"}],"about":[{"href":"https:\/\/fdnoaxaca.net\/index.php\/wp-json\/wp\/v2\/types\/post"}],"author":[{"embeddable":true,"href":"https:\/\/fdnoaxaca.net\/index.php\/wp-json\/wp\/v2\/users\/4"}],"replies":[{"embeddable":true,"href":"https:\/\/fdnoaxaca.net\/index.php\/wp-json\/wp\/v2\/comments?post=3796"}],"version-history":[{"count":1,"href":"https:\/\/fdnoaxaca.net\/index.php\/wp-json\/wp\/v2\/posts\/3796\/revisions"}],"predecessor-version":[{"id":3798,"href":"https:\/\/fdnoaxaca.net\/index.php\/wp-json\/wp\/v2\/posts\/3796\/revisions\/3798"}],"wp:featuredmedia":[{"embeddable":true,"href":"https:\/\/fdnoaxaca.net\/index.php\/wp-json\/wp\/v2\/media\/3797"}],"wp:attachment":[{"href":"https:\/\/fdnoaxaca.net\/index.php\/wp-json\/wp\/v2\/media?parent=3796"}],"wp:term":[{"taxonomy":"category","embeddable":true,"href":"https:\/\/fdnoaxaca.net\/index.php\/wp-json\/wp\/v2\/categories?post=3796"},{"taxonomy":"post_tag","embeddable":true,"href":"https:\/\/fdnoaxaca.net\/index.php\/wp-json\/wp\/v2\/tags?post=3796"}],"curies":[{"name":"wp","href":"https:\/\/api.w.org\/{rel}","templated":true}]}}