{"id":3812,"date":"2020-05-10T03:42:28","date_gmt":"2020-05-10T03:42:28","guid":{"rendered":"http:\/\/fdnoaxaca.net\/?p=3812"},"modified":"2020-05-10T03:42:31","modified_gmt":"2020-05-10T03:42:31","slug":"alumnos-y-alumnas-del-cimo-celebraran-a-las-mamas-en-su-dia-con-mananitas-virtuales","status":"publish","type":"post","link":"https:\/\/fdnoaxaca.net\/index.php\/2020\/05\/10\/alumnos-y-alumnas-del-cimo-celebraran-a-las-mamas-en-su-dia-con-mananitas-virtuales\/","title":{"rendered":"Alumnos y alumnas del CIMO celebrar\u00e1n a las mam\u00e1s en su d\u00eda con ma\u00f1anitas virtuales"},"content":{"rendered":"\n<p><strong>Oaxaca de Ju<\/strong><strong>\u00e1<\/strong><strong>rez, Oax. 9 de mayo de 2020.-<\/strong>&nbsp;La Secretar\u00eda de las Culturas y Artes de Oaxaca (Seculta) celebrar\u00e1 a las mam\u00e1s oaxaque\u00f1as con las ma\u00f1anitas virtuales a cargo de ni\u00f1as y ni\u00f1os educandos del Centro de Iniciaci\u00f3n Musical de Oaxaca (CIMO), quienes con su talento aportar\u00e1n este ensamble que podr\u00e1 ser disfrutado a trav\u00e9s de la cuenta de Facebook:&nbsp;<a href=\"https:\/\/www.facebook.com\/seculta\/\" target=\"_blank\" rel=\"noreferrer noopener\">https:\/\/www.facebook.com\/seculta\/<\/a>&nbsp;este 10 de mayo a las 10:00 horas.<\/p>\n\n\n\n<p>Las y los oaxaque\u00f1os celebraremos a la mam\u00e1s de manera especial, y ante la emergencia sanitaria por el COVID-19, es recomendable seguir el aislamiento y quedarse en casa; es por ello, que podr\u00e1n disfrutar de las ma\u00f1anitas que alumnado del CIMO prepar\u00f3 con mucho cari\u00f1o.<\/p>\n\n\n\n<p>El director del Centro de Iniciaci\u00f3n Musical de Oaxaca, C\u00e9sar Delgado Mart\u00ednez explic\u00f3 que por la situaci\u00f3n actual de salud que se vive, el alumnado, padres de familia y maestros se sumar\u00e1n a la celebraci\u00f3n del 10 de mayo con un video para todas las madres oaxaque\u00f1as.<\/p>\n\n\n\n<p>Aclar\u00f3 que hoy en d\u00eda, las orquestas profesionales se basan en pistas y metr\u00f3nomos exactos para ensambles grandes y obras musicales, y lo que ver\u00e1n es el talento de los ni\u00f1os mediante el uso del metr\u00f3nomo que habitualmente usan en clase y que con ayuda de sus pap\u00e1s realizaron una grabaci\u00f3n los m\u00e1s exacta posible; \u201crealizaron una simulaci\u00f3n a un nivel profesional, lo cual lo hace m\u00e1s meritorio para ellos\u201d, apunt\u00f3.<\/p>\n\n\n\n<p>La Seculta agradece la participaci\u00f3n de Alejandra, Krisever, Khrister, Rebeca Naomi, Alexa y Cristian Gadiel de 7, 11, 12, 11, 13 y 12 a\u00f1os respectivamente,&nbsp; que con un nivel de m\u00fasica y movimiento 3, inducci\u00f3n y b\u00e1sico, as\u00ed como, entre 2 y 3 a\u00f1os estudiando en el CIMO lograron estas ma\u00f1anitas bajo las ense\u00f1anzas y direcci\u00f3n de la maestravLaura Rosario Mart\u00ednez Porras.<\/p>\n\n\n\n<p>La titular de la Seculta, Karla Villaca\u00f1a Quevedo agradeci\u00f3 a todas y todos los involucrados para llevar hasta casa estas emotivas ma\u00f1anitas, demostrando el talento y la ense\u00f1anza que reciben las y los ni\u00f1os en dicho centro de iniciaci\u00f3n musical y que en el &nbsp;D\u00eda de las Madres regalar\u00e1n una bella interpretaci\u00f3n. \u00a1Muchas felicidades mam\u00e1s!<\/p>\n","protected":false},"excerpt":{"rendered":"<p>Oaxaca de Ju\u00e1rez, Oax. 9 de mayo de 2020.-&nbsp;La Secretar\u00eda de las Culturas y Artes de Oaxaca (Seculta) celebrar\u00e1 a las mam\u00e1s oaxaque\u00f1as con las ma\u00f1anitas virtuales a cargo de ni\u00f1as y ni\u00f1os educandos del Centro de Iniciaci\u00f3n Musical de Oaxaca (CIMO), quienes con su talento aportar\u00e1n este ensamble que podr\u00e1 ser disfrutado a trav\u00e9s&#8230;<\/p>\n","protected":false},"author":4,"featured_media":3813,"comment_status":"closed","ping_status":"closed","sticky":false,"template":"","format":"standard","meta":{"footnotes":""},"categories":[50],"tags":[],"class_list":["post-3812","post","type-post","status-publish","format-standard","has-post-thumbnail","hentry","category-suplementos"],"_links":{"self":[{"href":"https:\/\/fdnoaxaca.net\/index.php\/wp-json\/wp\/v2\/posts\/3812","targetHints":{"allow":["GET"]}}],"collection":[{"href":"https:\/\/fdnoaxaca.net\/index.php\/wp-json\/wp\/v2\/posts"}],"about":[{"href":"https:\/\/fdnoaxaca.net\/index.php\/wp-json\/wp\/v2\/types\/post"}],"author":[{"embeddable":true,"href":"https:\/\/fdnoaxaca.net\/index.php\/wp-json\/wp\/v2\/users\/4"}],"replies":[{"embeddable":true,"href":"https:\/\/fdnoaxaca.net\/index.php\/wp-json\/wp\/v2\/comments?post=3812"}],"version-history":[{"count":1,"href":"https:\/\/fdnoaxaca.net\/index.php\/wp-json\/wp\/v2\/posts\/3812\/revisions"}],"predecessor-version":[{"id":3814,"href":"https:\/\/fdnoaxaca.net\/index.php\/wp-json\/wp\/v2\/posts\/3812\/revisions\/3814"}],"wp:featuredmedia":[{"embeddable":true,"href":"https:\/\/fdnoaxaca.net\/index.php\/wp-json\/wp\/v2\/media\/3813"}],"wp:attachment":[{"href":"https:\/\/fdnoaxaca.net\/index.php\/wp-json\/wp\/v2\/media?parent=3812"}],"wp:term":[{"taxonomy":"category","embeddable":true,"href":"https:\/\/fdnoaxaca.net\/index.php\/wp-json\/wp\/v2\/categories?post=3812"},{"taxonomy":"post_tag","embeddable":true,"href":"https:\/\/fdnoaxaca.net\/index.php\/wp-json\/wp\/v2\/tags?post=3812"}],"curies":[{"name":"wp","href":"https:\/\/api.w.org\/{rel}","templated":true}]}}