{"id":3835,"date":"2020-05-12T00:18:06","date_gmt":"2020-05-12T00:18:06","guid":{"rendered":"http:\/\/fdnoaxaca.net\/?p=3835"},"modified":"2020-05-12T00:18:09","modified_gmt":"2020-05-12T00:18:09","slug":"en-riesgo-salud-mental-de-familiares-victimas-de-covid-19-afirma-diputada","status":"publish","type":"post","link":"https:\/\/fdnoaxaca.net\/index.php\/2020\/05\/12\/en-riesgo-salud-mental-de-familiares-victimas-de-covid-19-afirma-diputada\/","title":{"rendered":"En riesgo salud mental de familiares v\u00edctimas de COVID-19, afirma diputada"},"content":{"rendered":"\n<p>Hablar de la muerte en Oaxaca es sin\u00f3nimo de diversas muestras de sincretismo, ya que en un estado pluricultural, los ritos f\u00fanebres pueden ir desde un rezo, novenarios, adem\u00e1s de rituales que incluyen m\u00fasica de banda, acompa\u00f1amiento de los seres queridos; sin embargo, en el contexto actual de contingencia por COVID-19, el panorama es distinto debido a las disposiciones realizadas por las autoridades en salud, situaci\u00f3n que podr\u00eda tener repercusiones en la salud mental de los familiares, al enfrentar un duelo de esta naturaleza, as\u00ed lo declar\u00f3 la diputada Magaly L\u00f3pez.<\/p>\n\n\n\n<p>Debido a este dif\u00edcil proceso, Magaly L\u00f3pez present\u00f3 un exhorto para que el gobierno del Estado, a trav\u00e9s de los Servicios de Salud de Oaxaca dise\u00f1en un programa espec\u00edfico desde la salud mental gratuito de apoyo al duelo y otras necesidades de las familias de los deudos por COVID-19, ello con la finalidad de que se les acompa\u00f1e en este trance, con especial \u00e9nfasis en los ni\u00f1os y ni\u00f1as.<\/p>\n\n\n\n<p>Puntualiz\u00f3 que, aunque el Gobierno Federal a trav\u00e9s de la Secretaria de Salud emiti\u00f3 los Lineamientos de Respuesta y de Acci\u00f3n en Salud Mental y Adicciones para el Apoyo Psicosocial durante la Pandemia por Covid-19 en M\u00e9xico, \u201cen el contexto oaxaque\u00f1o superar el duelo en estas condiciones de distanciamiento social implicar\u00eda un reto complejo, pues nuestro estado est\u00e1 inmerso entre un sincretismo\u201d, reiter\u00f3.<\/p>\n\n\n\n<p>\u201cEs importante que los familiares reciban ayuda para cerrar el ciclo que supone el hecho de haber podido acompa\u00f1ar a su ser querido en los \u00faltimos momentos de la enfermedad en el hospital y no pueden elaborar un duelo porque en muchos casos, no hay un ritual funerario del que puedan participar, no hay una ceremonia funeraria, y en el peor de los casos nunca van a ver el cuerpo\u201d.<\/p>\n\n\n\n<p>De acuerdo al exhorto presentado por la legisladora morenista, tambi\u00e9n es necesario realizar campa\u00f1as informativas respecto a los cuidados y recomendaciones para la celebraci\u00f3n de los rituales o ceremonias f\u00fanebres de inhumaci\u00f3n tanto para las personas que hayan fallecido por COVID-19 o como para aquellas que hayan muerto por cualquier otra enfermedad, dichas campa\u00f1as tendr\u00e1n que tomar en cuenta las necesidades y las medidas que hayan tomado las comunidades ind\u00edgenas en torno a la protecci\u00f3n de contagios en sus territorios.<\/p>\n\n\n\n<p>Respecto a este \u00faltimo punto, la diputada Magaly L\u00f3pez manifest\u00f3 que se debe brindar informaci\u00f3n a la poblaci\u00f3n en general sobre la realizaci\u00f3n de ritos o ceremonias de exhumaci\u00f3n, ello en virtud de que el Gobierno Federal aconseja evitar la realizaci\u00f3n de estos actos que conlleven reuniones o aglomeraciones de personas en contacto con el cuerpo siguiendo los lineamientos de la Jornada de Sana Distancia. En caso de realizarse, se recomienda sea menor de 4 horas, con f\u00e9retro cerrado y con menos de 20 personas siempre y cuando el espacio pueda asegurar una sana distancia.<\/p>\n\n\n\n<p>Sin embargo, a nivel estatal no existe informaci\u00f3n clara al respecto, pues en algunas comunidades se han prohibido las ceremonias de inhumaci\u00f3n argumentando que hay una prohibici\u00f3n del gobierno estatal para su realizaci\u00f3n.<\/p>\n","protected":false},"excerpt":{"rendered":"<p>Hablar de la muerte en Oaxaca es sin\u00f3nimo de diversas muestras de sincretismo, ya que en un estado pluricultural, los ritos f\u00fanebres pueden ir desde un rezo, novenarios, adem\u00e1s de rituales que incluyen m\u00fasica de banda, acompa\u00f1amiento de los seres queridos; sin embargo, en el contexto actual de contingencia por COVID-19, el panorama es distinto&#8230;<\/p>\n","protected":false},"author":4,"featured_media":3836,"comment_status":"closed","ping_status":"closed","sticky":false,"template":"","format":"standard","meta":{"footnotes":""},"categories":[4],"tags":[],"class_list":["post-3835","post","type-post","status-publish","format-standard","has-post-thumbnail","hentry","category-general"],"_links":{"self":[{"href":"https:\/\/fdnoaxaca.net\/index.php\/wp-json\/wp\/v2\/posts\/3835","targetHints":{"allow":["GET"]}}],"collection":[{"href":"https:\/\/fdnoaxaca.net\/index.php\/wp-json\/wp\/v2\/posts"}],"about":[{"href":"https:\/\/fdnoaxaca.net\/index.php\/wp-json\/wp\/v2\/types\/post"}],"author":[{"embeddable":true,"href":"https:\/\/fdnoaxaca.net\/index.php\/wp-json\/wp\/v2\/users\/4"}],"replies":[{"embeddable":true,"href":"https:\/\/fdnoaxaca.net\/index.php\/wp-json\/wp\/v2\/comments?post=3835"}],"version-history":[{"count":1,"href":"https:\/\/fdnoaxaca.net\/index.php\/wp-json\/wp\/v2\/posts\/3835\/revisions"}],"predecessor-version":[{"id":3837,"href":"https:\/\/fdnoaxaca.net\/index.php\/wp-json\/wp\/v2\/posts\/3835\/revisions\/3837"}],"wp:featuredmedia":[{"embeddable":true,"href":"https:\/\/fdnoaxaca.net\/index.php\/wp-json\/wp\/v2\/media\/3836"}],"wp:attachment":[{"href":"https:\/\/fdnoaxaca.net\/index.php\/wp-json\/wp\/v2\/media?parent=3835"}],"wp:term":[{"taxonomy":"category","embeddable":true,"href":"https:\/\/fdnoaxaca.net\/index.php\/wp-json\/wp\/v2\/categories?post=3835"},{"taxonomy":"post_tag","embeddable":true,"href":"https:\/\/fdnoaxaca.net\/index.php\/wp-json\/wp\/v2\/tags?post=3835"}],"curies":[{"name":"wp","href":"https:\/\/api.w.org\/{rel}","templated":true}]}}