{"id":3857,"date":"2020-05-12T02:00:30","date_gmt":"2020-05-12T02:00:30","guid":{"rendered":"http:\/\/fdnoaxaca.net\/?p=3857"},"modified":"2020-05-12T02:00:33","modified_gmt":"2020-05-12T02:00:33","slug":"el-encierro-en-corto-convocatoria-de-seculta-nos-invita-a-contar-nuestras-historias","status":"publish","type":"post","link":"https:\/\/fdnoaxaca.net\/index.php\/2020\/05\/12\/el-encierro-en-corto-convocatoria-de-seculta-nos-invita-a-contar-nuestras-historias\/","title":{"rendered":"El encierro en corto\u201d, convocatoria de Seculta, nos invita a contar nuestras historias"},"content":{"rendered":"\n<p><strong>Oaxaca de Ju\u00e1rez, Oax. 11 de mayo de 2020<\/strong>. Para impulsar acciones que fortalezcan el desarrollo cultural en la entidad y reactivar la econom\u00eda afectada por la contingencia derivada del COVID-19, el Gobierno del Estado, a trav\u00e9s de la Secretar\u00eda de las Culturas y Artes de Oaxaca (Seculta), invita a las y los oaxaque\u00f1os o personas residentes en la entidad a participar en la convocatoria \u201cEl encierro en corto\u201d.<\/p>\n\n\n\n<p>Esta convocatoria busca dar a conocer la perspectiva que del aislamiento social tienen frente al COVID-19 guionistas, cineastas, estudiantes y dem\u00e1s p\u00fablico interesado en la cinematograf\u00eda. La intenci\u00f3n es dejar un registro audiovisual, en formato de cortometraje, de una etapa que marcar\u00e1 la historia.<\/p>\n\n\n\n<p>En la convocatoria que dar\u00e1 inicio este pr\u00f3ximo 15 de mayo, \u00fanicamente podr\u00e1n participar todas las personas nacidas en Oaxaca o quienes residan en la entidad desde, por lo menos, el mes de mayo de 2017. No as\u00ed las personas que actualmente gocen del apoyo o beneficio de alg\u00fan\u00fan programa de la Seculta o esquema Federal vigente en materia cultural, ni aquellas que laboren en la Secretar\u00eda o sus entidades sectorizadas.<\/p>\n\n\n\n<p>Las y los interesados deber\u00e1n enviar un guion de cine -secuencias, escenas, acciones y di\u00e1logos, de ser el caso- con una extensi\u00f3n m\u00e1xima de cinco cuartillas en formato PDF. La historia que se cuente debe ocurrir dentro de su casa, en el marco del confinamiento por el COVID-19. Asimismo, el archivo debe ir firmado con seud\u00f3nimo y enviado al correo:&nbsp;<a href=\"mailto:encierro.encorto@gmail.com\" target=\"_blank\" rel=\"noreferrer noopener\">encierro.encorto@gmail.com<\/a>. La recepci\u00f3n de trabajos estar\u00e1 abierta del 15 al 22 de mayo.<\/p>\n\n\n\n<p>Las propuesta deber\u00e1n anexar identificaci\u00f3n oficial vigente -credencial de elector, pasaporte o c\u00e9dula profesional-, acta de nacimiento, Clave \u00danica de Registro de Poblaci\u00f3n (CURP), comprobante de domicilio con una antiguedad no mayor a dos meses, formato de inscripci\u00f3n,&nbsp; carta de intenci\u00f3n y carta de cesi\u00f3n de derechos, estos \u00faltimos tres formatos podr\u00e1n descargarlos de la p\u00e1gina:&nbsp;<a href=\"https:\/\/www.oaxaca.gob.mx\/seculta\/\" target=\"_blank\" rel=\"noreferrer noopener\">https:\/\/www.oaxaca.gob.mx\/seculta\/<\/a><\/p>\n\n\n\n<p>Ser\u00e1 la Direcci\u00f3n de Conservaci\u00f3n y Divulgaci\u00f3n Cultural quien realice la confirmaci\u00f3n de recepci\u00f3n y validaci\u00f3n de documentos o, en su caso, se emitir\u00e1n las observaciones que deber\u00e1n ser solventadas por las personas postulantes en un plazo no mayor a 48 horas contadas a partir del env\u00edo de la notificaci\u00f3n digital respectiva,&nbsp; aceptando una sola propuesta por participante.<\/p>\n\n\n\n<p>Entre los primeros 30 guiones recibidos a partir de la publicaci\u00f3n de la presente convocatoria, ser\u00e1n seleccionados cinco, los cuales recibir\u00e1n asesor\u00eda virtual durante el periodo comprendido del 25 de mayo al 13 de junio de 2020, por el cineasta oaxaque\u00f1o Rigoberto P\u00e9rezcano.<\/p>\n\n\n\n<p>Los trabajos participantes ser\u00e1n analizados y evaluados del&nbsp; 23 al 26 de mayo. Se descartar\u00e1n guiones que no est\u00e9n concluidos, as\u00ed como aquellos que no sean considerados viables por requerir de equipo de dif\u00edcil uso o disposici\u00f3n durante el confinamiento en casa. Tambi\u00e9n se eliminar\u00e1n de la competencia aquellos guiones que requieran incumplir con la Sana Distancia.<\/p>\n\n\n\n<p>Se considerar\u00e1n dentro de los criterios de evaluaci\u00f3n la originalidad, creatividad y apego a la tem\u00e1tica. El nombre de las y los ganadores para recibir las asesor\u00edas se dar\u00e1 a conocer el 27 de mayo de 2020, a trav\u00e9s de la p\u00e1gina&nbsp;<a href=\"http:\/\/www.oaxaca.gob.mx\/seculta\/\" target=\"_blank\" rel=\"noreferrer noopener\">www.oaxaca.gob.mx\/seculta\/<\/a>&nbsp;y por medio de las redes sociales de la instituci\u00f3n.<\/p>\n\n\n\n<p>Para este concurso se entregar\u00e1n cinco premios; al primer lugar ocho mil pesos, segundo lugar seis mil pesos, al tercero un premio de cuatro mil pesos y dos est\u00edmulos m\u00e1s por dos mil pesos.<\/p>\n\n\n\n<p>Para mayor informaci\u00f3n respecto a la convocatoria \u201cEl encierro en corto\u201d las y los interesados pueden enviar un correo electr\u00f3nico a:&nbsp;<a href=\"mailto:encierro.encorto@gmail.com\" target=\"_blank\" rel=\"noreferrer noopener\">encierro.encorto@gmail.com<\/a>.<\/p>\n","protected":false},"excerpt":{"rendered":"<p>Oaxaca de Ju\u00e1rez, Oax. 11 de mayo de 2020. Para impulsar acciones que fortalezcan el desarrollo cultural en la entidad y reactivar la econom\u00eda afectada por la contingencia derivada del COVID-19, el Gobierno del Estado, a trav\u00e9s de la Secretar\u00eda de las Culturas y Artes de Oaxaca (Seculta), invita a las y los oaxaque\u00f1os o&#8230;<\/p>\n","protected":false},"author":4,"featured_media":3858,"comment_status":"closed","ping_status":"closed","sticky":false,"template":"","format":"standard","meta":{"footnotes":""},"categories":[50],"tags":[],"class_list":["post-3857","post","type-post","status-publish","format-standard","has-post-thumbnail","hentry","category-suplementos"],"_links":{"self":[{"href":"https:\/\/fdnoaxaca.net\/index.php\/wp-json\/wp\/v2\/posts\/3857","targetHints":{"allow":["GET"]}}],"collection":[{"href":"https:\/\/fdnoaxaca.net\/index.php\/wp-json\/wp\/v2\/posts"}],"about":[{"href":"https:\/\/fdnoaxaca.net\/index.php\/wp-json\/wp\/v2\/types\/post"}],"author":[{"embeddable":true,"href":"https:\/\/fdnoaxaca.net\/index.php\/wp-json\/wp\/v2\/users\/4"}],"replies":[{"embeddable":true,"href":"https:\/\/fdnoaxaca.net\/index.php\/wp-json\/wp\/v2\/comments?post=3857"}],"version-history":[{"count":1,"href":"https:\/\/fdnoaxaca.net\/index.php\/wp-json\/wp\/v2\/posts\/3857\/revisions"}],"predecessor-version":[{"id":3859,"href":"https:\/\/fdnoaxaca.net\/index.php\/wp-json\/wp\/v2\/posts\/3857\/revisions\/3859"}],"wp:featuredmedia":[{"embeddable":true,"href":"https:\/\/fdnoaxaca.net\/index.php\/wp-json\/wp\/v2\/media\/3858"}],"wp:attachment":[{"href":"https:\/\/fdnoaxaca.net\/index.php\/wp-json\/wp\/v2\/media?parent=3857"}],"wp:term":[{"taxonomy":"category","embeddable":true,"href":"https:\/\/fdnoaxaca.net\/index.php\/wp-json\/wp\/v2\/categories?post=3857"},{"taxonomy":"post_tag","embeddable":true,"href":"https:\/\/fdnoaxaca.net\/index.php\/wp-json\/wp\/v2\/tags?post=3857"}],"curies":[{"name":"wp","href":"https:\/\/api.w.org\/{rel}","templated":true}]}}