{"id":4012,"date":"2020-05-21T01:15:28","date_gmt":"2020-05-21T01:15:28","guid":{"rendered":"http:\/\/fdnoaxaca.net\/?p=4012"},"modified":"2020-05-21T01:18:54","modified_gmt":"2020-05-21T01:18:54","slug":"despues-de-ocho-anos-fiscalia-detiene-a-presunto-asesino-de-mujer-en-oaxaca","status":"publish","type":"post","link":"https:\/\/fdnoaxaca.net\/index.php\/2020\/05\/21\/despues-de-ocho-anos-fiscalia-detiene-a-presunto-asesino-de-mujer-en-oaxaca\/","title":{"rendered":"Despu\u00e9s de ocho a\u00f1os, Fiscal\u00eda detiene a presunto asesino de mujer en Oaxaca"},"content":{"rendered":"\n<p>Oaxaca de Ju\u00e1rez, Oax., 20 de mayo de 2020.- Despu\u00e9s de ocho a\u00f1os del crimen de una mujer en Oaxaca, fue detenido el presunto asesino el martes, a quien se le dict\u00f3 auto de formal prisi\u00f3n.<\/p>\n\n\n\n<p>El individuo identificado como C. M. R., es se\u00f1alado como probable responsable del delito de homicidio calificado con agravante de ventaja en agravio de la mujer C. F. G., cometido en 2012, en jurisdicci\u00f3n de San Carlos Yautepec, en la regi\u00f3n de la Sierra Sur.<\/p>\n\n\n\n<p>De acuerdo con la Fiscal\u00eda General de Justicia del estado, C. M. R. fue aprehendido el 19 de mayo de 2020 por Agentes Estatales de Investigaci\u00f3n, cuando se encontraba en la comunidad de El Camar\u00f3n, San Carlos Yautepec.<\/p>\n\n\n\n<p>Est\u00e1 acusado de que el 5 de noviembre de 2012, aproximadamente a las 13:00 horas, llegara al domicilio de la v\u00edctima, ubicado en Santo Tom\u00e1s Quier\u00ed y disparara contra ella.<\/p>\n\n\n\n<p>Ante estos hechos y tras la denuncia presentada por familiares de la v\u00edctima, la Instituci\u00f3n de procuraci\u00f3n de justicia comenz\u00f3 la investigaci\u00f3n y despu\u00e9s de ocho a\u00f1os, el presunto responsable fue detenido.<\/p>\n\n\n\n<p>En audiencia, luego de que la Fiscal\u00eda General aportara los datos de prueba necesarios, el Juez Mixto de Primera Instancia de San Carlos Yautepec dict\u00f3 auto de formal prisi\u00f3n contra el indiciado.<\/p>\n","protected":false},"excerpt":{"rendered":"<p>Oaxaca de Ju\u00e1rez, Oax., 20 de mayo de 2020.- Despu\u00e9s de ocho a\u00f1os del crimen de una mujer en Oaxaca, fue detenido el presunto asesino el martes, a quien se le dict\u00f3 auto de formal prisi\u00f3n. El individuo identificado como C. M. R., es se\u00f1alado como probable responsable del delito de homicidio calificado con agravante&#8230;<\/p>\n","protected":false},"author":4,"featured_media":4014,"comment_status":"closed","ping_status":"closed","sticky":false,"template":"","format":"standard","meta":{"footnotes":""},"categories":[4,49],"tags":[],"class_list":["post-4012","post","type-post","status-publish","format-standard","has-post-thumbnail","hentry","category-general","category-titulares"],"_links":{"self":[{"href":"https:\/\/fdnoaxaca.net\/index.php\/wp-json\/wp\/v2\/posts\/4012","targetHints":{"allow":["GET"]}}],"collection":[{"href":"https:\/\/fdnoaxaca.net\/index.php\/wp-json\/wp\/v2\/posts"}],"about":[{"href":"https:\/\/fdnoaxaca.net\/index.php\/wp-json\/wp\/v2\/types\/post"}],"author":[{"embeddable":true,"href":"https:\/\/fdnoaxaca.net\/index.php\/wp-json\/wp\/v2\/users\/4"}],"replies":[{"embeddable":true,"href":"https:\/\/fdnoaxaca.net\/index.php\/wp-json\/wp\/v2\/comments?post=4012"}],"version-history":[{"count":1,"href":"https:\/\/fdnoaxaca.net\/index.php\/wp-json\/wp\/v2\/posts\/4012\/revisions"}],"predecessor-version":[{"id":4013,"href":"https:\/\/fdnoaxaca.net\/index.php\/wp-json\/wp\/v2\/posts\/4012\/revisions\/4013"}],"wp:featuredmedia":[{"embeddable":true,"href":"https:\/\/fdnoaxaca.net\/index.php\/wp-json\/wp\/v2\/media\/4014"}],"wp:attachment":[{"href":"https:\/\/fdnoaxaca.net\/index.php\/wp-json\/wp\/v2\/media?parent=4012"}],"wp:term":[{"taxonomy":"category","embeddable":true,"href":"https:\/\/fdnoaxaca.net\/index.php\/wp-json\/wp\/v2\/categories?post=4012"},{"taxonomy":"post_tag","embeddable":true,"href":"https:\/\/fdnoaxaca.net\/index.php\/wp-json\/wp\/v2\/tags?post=4012"}],"curies":[{"name":"wp","href":"https:\/\/api.w.org\/{rel}","templated":true}]}}