{"id":4071,"date":"2020-05-23T23:30:30","date_gmt":"2020-05-23T23:30:30","guid":{"rendered":"http:\/\/fdnoaxaca.net\/?p=4071"},"modified":"2020-05-23T23:30:35","modified_gmt":"2020-05-23T23:30:35","slug":"detectan-siete-casos-de-covid-19-en-penal-varonil-de-tanivet","status":"publish","type":"post","link":"https:\/\/fdnoaxaca.net\/index.php\/2020\/05\/23\/detectan-siete-casos-de-covid-19-en-penal-varonil-de-tanivet\/","title":{"rendered":"Detectan siete casos de Covid-19 en penal varonil de Tanivet"},"content":{"rendered":"\n<p>Oaxaca de Ju\u00e1rez, Oax. 23 de mayo de 2020.- Siete casos de Covid-19 se registraron entre las personas recluidas en el penal varonil de Tanivet, en Tlacolula, Oaxaca, informaron los Servicios de Salud del estado.<\/p>\n\n\n\n<p>La Secretar\u00eda de Seguridad P\u00fablica de Oaxaca (SSPO), inform\u00f3 que los siete presos, de los pabellones uno y cuatro, se mantienen en aislamiento en el \u00c1rea de Hospitalizaci\u00f3n de este Centro Penitenciario, donde est\u00e1n bajo vigilancia y observaci\u00f3n permanente.<\/p>\n\n\n\n<p>Asegur\u00f3 que para garantizar el bienestar de las personas privadas de su libertad, personal administrativo, as\u00ed como de elementos de Seguridad y Custodia, desde el inicio de la contingencia en la entidad, ha llevado a cabo las medidas de prevenci\u00f3n y ha realizado trabajos de sanitizaci\u00f3n en este Centro Penitenciario.<\/p>\n\n\n\n<p>Tambi\u00e9n se han entregado de equipo de protecci\u00f3n (cubre bocas, guantes y caretas o mascarillas) al personal operativo y m\u00e9dico del lugar.<\/p>\n\n\n\n<p>El personal y la poblaci\u00f3n penitenciaria que estuvo en contacto con los siete presos que dieron positivo a COVID-19, se encuentran bajo las mismas medidas de atenci\u00f3n y observaci\u00f3n m\u00e9dica.<\/p>\n\n\n\n<p>Asimismo, la dependencia indic\u00f3 que a trav\u00e9s de la Subsecretar\u00eda de Prevenci\u00f3n y Reinserci\u00f3n Social, se mantiene comunicaci\u00f3n permanente con sus familias.<\/p>\n\n\n\n<p>En Oaxaca, hasta el viernes eran 902 casos de Covid-19, de los cuales 94 pacientes han fallecido.<\/p>\n","protected":false},"excerpt":{"rendered":"<p>Oaxaca de Ju\u00e1rez, Oax. 23 de mayo de 2020.- Siete casos de Covid-19 se registraron entre las personas recluidas en el penal varonil de Tanivet, en Tlacolula, Oaxaca, informaron los Servicios de Salud del estado. La Secretar\u00eda de Seguridad P\u00fablica de Oaxaca (SSPO), inform\u00f3 que los siete presos, de los pabellones uno y cuatro, se&#8230;<\/p>\n","protected":false},"author":4,"featured_media":4072,"comment_status":"closed","ping_status":"closed","sticky":false,"template":"","format":"standard","meta":{"footnotes":""},"categories":[4,49],"tags":[],"class_list":["post-4071","post","type-post","status-publish","format-standard","has-post-thumbnail","hentry","category-general","category-titulares"],"_links":{"self":[{"href":"https:\/\/fdnoaxaca.net\/index.php\/wp-json\/wp\/v2\/posts\/4071","targetHints":{"allow":["GET"]}}],"collection":[{"href":"https:\/\/fdnoaxaca.net\/index.php\/wp-json\/wp\/v2\/posts"}],"about":[{"href":"https:\/\/fdnoaxaca.net\/index.php\/wp-json\/wp\/v2\/types\/post"}],"author":[{"embeddable":true,"href":"https:\/\/fdnoaxaca.net\/index.php\/wp-json\/wp\/v2\/users\/4"}],"replies":[{"embeddable":true,"href":"https:\/\/fdnoaxaca.net\/index.php\/wp-json\/wp\/v2\/comments?post=4071"}],"version-history":[{"count":1,"href":"https:\/\/fdnoaxaca.net\/index.php\/wp-json\/wp\/v2\/posts\/4071\/revisions"}],"predecessor-version":[{"id":4073,"href":"https:\/\/fdnoaxaca.net\/index.php\/wp-json\/wp\/v2\/posts\/4071\/revisions\/4073"}],"wp:featuredmedia":[{"embeddable":true,"href":"https:\/\/fdnoaxaca.net\/index.php\/wp-json\/wp\/v2\/media\/4072"}],"wp:attachment":[{"href":"https:\/\/fdnoaxaca.net\/index.php\/wp-json\/wp\/v2\/media?parent=4071"}],"wp:term":[{"taxonomy":"category","embeddable":true,"href":"https:\/\/fdnoaxaca.net\/index.php\/wp-json\/wp\/v2\/categories?post=4071"},{"taxonomy":"post_tag","embeddable":true,"href":"https:\/\/fdnoaxaca.net\/index.php\/wp-json\/wp\/v2\/tags?post=4071"}],"curies":[{"name":"wp","href":"https:\/\/api.w.org\/{rel}","templated":true}]}}