{"id":4089,"date":"2020-05-26T02:38:24","date_gmt":"2020-05-26T02:38:24","guid":{"rendered":"http:\/\/fdnoaxaca.net\/?p=4089"},"modified":"2020-05-26T02:38:27","modified_gmt":"2020-05-26T02:38:27","slug":"seculta-presentara-resultados-de-la-convocatoria-el-encierro-en-corto","status":"publish","type":"post","link":"https:\/\/fdnoaxaca.net\/index.php\/2020\/05\/26\/seculta-presentara-resultados-de-la-convocatoria-el-encierro-en-corto\/","title":{"rendered":"Seculta presentar\u00e1 resultados de la Convocatoria \u201cEl encierro en corto\u201d"},"content":{"rendered":"\n<p><strong>Oaxaca de Ju<\/strong><strong>\u00e1<\/strong><strong>rez, Oax. 25 de mayo de 2020.&nbsp;<\/strong>Tras realizar el an\u00e1lisis y evaluaci\u00f3n de los guiones recibidos por la convocatoria \u201cEl encierro en corto\u201d emitida por el Gobierno del Estado a trav\u00e9s de la Secretar\u00eda de las Culturas y Artes de Oaxaca (Seculta), este mi\u00e9rcoles 27 de mayo, se dar\u00e1n a conocer los seleccionados en la p\u00e1gina de internet:&nbsp;<a href=\"http:\/\/www.oaxaca.gob.mx\/seculta\/\" target=\"_blank\" rel=\"noreferrer noopener\">www.oaxaca.gob.mx\/seculta\/<\/a>&nbsp;y en las redes sociales de la dependencia.<\/p>\n\n\n\n<p>Las convocatorias \u201cCurArte\u201d y \u201cEl encierro en corto\u201d de la Seculta, tienen como objetivo impulsar acciones que fortalezcan el desarrollo cultural en la entidad y reactivar la econom\u00eda afectada por la contingencia derivada del COVID-19.<\/p>\n\n\n\n<p>Asimismo, reafirma el compromiso con las familias oaxaque\u00f1as llevando contenido cultural a trav\u00e9s de cinco cortometrajes que narrar\u00e1n las vivencias desde el confinamiento que se vive.<\/p>\n\n\n\n<p>La titular de la Seculta, Karla Villaca\u00f1a Quevedo, coment\u00f3&nbsp; que cinco de los trabajos seleccionados recibir\u00e1n asesor\u00eda virtual por parte del cineasta oaxaque\u00f1o Rigoberto Perezcano, adem\u00e1s de que se premiar\u00e1 al primer lugar con la cantidad de ocho mil pesos, al segundo con seis mil pesos, al tercer lugar con cuatro mil pesos y dos premios m\u00e1s de dos mil pesos.<\/p>\n\n\n\n<p>Villaca\u00f1a Quevedo enfatiz\u00f3 que el tema del COVID-19 en el arte dejar\u00e1 huella. \u201cEl objetivo de las convocatorias es conocer la visi\u00f3n de los oaxaque\u00f1os y dejar un registro de lo que, sin duda, ser\u00e1 una etapa que marcar\u00e1 la historia y servir\u00e1 para que nuestras futuras generaciones, conozcan como la vivimos \u201d, apunt\u00f3.<\/p>\n\n\n\n<p>Cada una de las propuestas presentadas, fueron revisadas y analisadas, descartando primero guiones inconclusos, priorizando su viabilidad para desarrollarlo desde casa, con su celular y en respeto a las medidas de confinamiento y sana distancia. As\u00ed como la originalidad, creatividad y apego a la tem\u00e1tica. Es importante se\u00f1alar que la selecci\u00f3n ser\u00e1 inapelable.<\/p>\n","protected":false},"excerpt":{"rendered":"<p>Oaxaca de Ju\u00e1rez, Oax. 25 de mayo de 2020.&nbsp;Tras realizar el an\u00e1lisis y evaluaci\u00f3n de los guiones recibidos por la convocatoria \u201cEl encierro en corto\u201d emitida por el Gobierno del Estado a trav\u00e9s de la Secretar\u00eda de las Culturas y Artes de Oaxaca (Seculta), este mi\u00e9rcoles 27 de mayo, se dar\u00e1n a conocer los seleccionados&#8230;<\/p>\n","protected":false},"author":4,"featured_media":3858,"comment_status":"closed","ping_status":"closed","sticky":false,"template":"","format":"standard","meta":{"footnotes":""},"categories":[50],"tags":[],"class_list":["post-4089","post","type-post","status-publish","format-standard","has-post-thumbnail","hentry","category-suplementos"],"_links":{"self":[{"href":"https:\/\/fdnoaxaca.net\/index.php\/wp-json\/wp\/v2\/posts\/4089","targetHints":{"allow":["GET"]}}],"collection":[{"href":"https:\/\/fdnoaxaca.net\/index.php\/wp-json\/wp\/v2\/posts"}],"about":[{"href":"https:\/\/fdnoaxaca.net\/index.php\/wp-json\/wp\/v2\/types\/post"}],"author":[{"embeddable":true,"href":"https:\/\/fdnoaxaca.net\/index.php\/wp-json\/wp\/v2\/users\/4"}],"replies":[{"embeddable":true,"href":"https:\/\/fdnoaxaca.net\/index.php\/wp-json\/wp\/v2\/comments?post=4089"}],"version-history":[{"count":1,"href":"https:\/\/fdnoaxaca.net\/index.php\/wp-json\/wp\/v2\/posts\/4089\/revisions"}],"predecessor-version":[{"id":4090,"href":"https:\/\/fdnoaxaca.net\/index.php\/wp-json\/wp\/v2\/posts\/4089\/revisions\/4090"}],"wp:featuredmedia":[{"embeddable":true,"href":"https:\/\/fdnoaxaca.net\/index.php\/wp-json\/wp\/v2\/media\/3858"}],"wp:attachment":[{"href":"https:\/\/fdnoaxaca.net\/index.php\/wp-json\/wp\/v2\/media?parent=4089"}],"wp:term":[{"taxonomy":"category","embeddable":true,"href":"https:\/\/fdnoaxaca.net\/index.php\/wp-json\/wp\/v2\/categories?post=4089"},{"taxonomy":"post_tag","embeddable":true,"href":"https:\/\/fdnoaxaca.net\/index.php\/wp-json\/wp\/v2\/tags?post=4089"}],"curies":[{"name":"wp","href":"https:\/\/api.w.org\/{rel}","templated":true}]}}