{"id":4094,"date":"2020-05-26T22:37:02","date_gmt":"2020-05-26T22:37:02","guid":{"rendered":"http:\/\/fdnoaxaca.net\/?p=4094"},"modified":"2020-05-26T23:02:42","modified_gmt":"2020-05-26T23:02:42","slug":"amenazan-con-agredir-a-poblador-por-tener-covid-19-en-municipio-de-oaxaca","status":"publish","type":"post","link":"https:\/\/fdnoaxaca.net\/index.php\/2020\/05\/26\/amenazan-con-agredir-a-poblador-por-tener-covid-19-en-municipio-de-oaxaca\/","title":{"rendered":"Amenazan con agredir a poblador por tener Covid-19 en municipio de Oaxaca"},"content":{"rendered":"\n<p>Oaxaca de Ju\u00e1rez, Oax. 26 de mayo de 2020.- Un poblador de San Jos\u00e9 del Progreso, comunidad de los Valles Centrales de Oaxaca, denunci\u00f3 hostigamiento por parte de los habitantes tras resultar contagiado de Covid-19.<\/p>\n\n\n\n<p>El hombre identificado como E. E., es el primer habitante de esta poblaci\u00f3n contagiado de este virus, y ante ello, los pobladores amenazan con agredirlo.<\/p>\n\n\n\n<p>&#8220;Yo no tuve la culpa de agarrar ese virus&#8221;, declara el habitante, quien desde el 15 de mayo luego de que el resultado de su prueba diera positivo a Covid-19, se encuentra en aislamiento en su vivienda.<\/p>\n\n\n\n<p>Por v\u00eda telef\u00f3nica, narra que para la protecci\u00f3n de su familia y de la comunidad, desde hace m\u00e1s de 10 d\u00edas se encuentra aislado en un cuarto de su vivienda, y hasta el momento no presenta ning\u00fan s\u00edntoma causado por Covid-19.<\/p>\n\n\n\n<p>&#8220;Nada (ning\u00fan s\u00edntoma), gracias a Dios estamos bien mi familia y yo, por eso se me hizo raro que yo saliera positivo ( a la prueba del Covid-19)&#8221;, explica.<\/p>\n\n\n\n<p>Sin embargo, teme por la integridad de su familia ante las amenazas de la poblaci\u00f3n contra \u00e9l debido a que padece de Covid-19.<\/p>\n\n\n\n<p>Considera que fue contagiado durante una de sus visitas al Hospital de la Ni\u00f1ez Oaxaque\u00f1a, donde hab\u00eda acudido anteriormente para acompa\u00f1ar a su hija a su quimioterapia, debido a que padece leucemia.<\/p>\n\n\n\n<p>En Oaxaca, hasta el lunes eran mil 70 casos de Covid-19, de los cuales 107 pacientes han muerto.<\/p>\n","protected":false},"excerpt":{"rendered":"<p>Oaxaca de Ju\u00e1rez, Oax. 26 de mayo de 2020.- Un poblador de San Jos\u00e9 del Progreso, comunidad de los Valles Centrales de Oaxaca, denunci\u00f3 hostigamiento por parte de los habitantes tras resultar contagiado de Covid-19. El hombre identificado como E. E., es el primer habitante de esta poblaci\u00f3n contagiado de este virus, y ante ello,&#8230;<\/p>\n","protected":false},"author":4,"featured_media":4100,"comment_status":"closed","ping_status":"closed","sticky":false,"template":"","format":"standard","meta":{"footnotes":""},"categories":[4,49],"tags":[],"class_list":["post-4094","post","type-post","status-publish","format-standard","has-post-thumbnail","hentry","category-general","category-titulares"],"_links":{"self":[{"href":"https:\/\/fdnoaxaca.net\/index.php\/wp-json\/wp\/v2\/posts\/4094","targetHints":{"allow":["GET"]}}],"collection":[{"href":"https:\/\/fdnoaxaca.net\/index.php\/wp-json\/wp\/v2\/posts"}],"about":[{"href":"https:\/\/fdnoaxaca.net\/index.php\/wp-json\/wp\/v2\/types\/post"}],"author":[{"embeddable":true,"href":"https:\/\/fdnoaxaca.net\/index.php\/wp-json\/wp\/v2\/users\/4"}],"replies":[{"embeddable":true,"href":"https:\/\/fdnoaxaca.net\/index.php\/wp-json\/wp\/v2\/comments?post=4094"}],"version-history":[{"count":1,"href":"https:\/\/fdnoaxaca.net\/index.php\/wp-json\/wp\/v2\/posts\/4094\/revisions"}],"predecessor-version":[{"id":4096,"href":"https:\/\/fdnoaxaca.net\/index.php\/wp-json\/wp\/v2\/posts\/4094\/revisions\/4096"}],"wp:featuredmedia":[{"embeddable":true,"href":"https:\/\/fdnoaxaca.net\/index.php\/wp-json\/wp\/v2\/media\/4100"}],"wp:attachment":[{"href":"https:\/\/fdnoaxaca.net\/index.php\/wp-json\/wp\/v2\/media?parent=4094"}],"wp:term":[{"taxonomy":"category","embeddable":true,"href":"https:\/\/fdnoaxaca.net\/index.php\/wp-json\/wp\/v2\/categories?post=4094"},{"taxonomy":"post_tag","embeddable":true,"href":"https:\/\/fdnoaxaca.net\/index.php\/wp-json\/wp\/v2\/tags?post=4094"}],"curies":[{"name":"wp","href":"https:\/\/api.w.org\/{rel}","templated":true}]}}