{"id":4116,"date":"2020-05-27T21:45:26","date_gmt":"2020-05-27T21:45:26","guid":{"rendered":"http:\/\/fdnoaxaca.net\/?p=4116"},"modified":"2020-05-27T21:45:29","modified_gmt":"2020-05-27T21:45:29","slug":"los-3-conocimientos-eje-para-hablar-en-publico","status":"publish","type":"post","link":"https:\/\/fdnoaxaca.net\/index.php\/2020\/05\/27\/los-3-conocimientos-eje-para-hablar-en-publico\/","title":{"rendered":"Los 3 conocimientos eje para hablar en p\u00fablico"},"content":{"rendered":"\n<p>Oaxaca de Ju\u00e1rez, Oax. 27 de mayo de 2020.- Uno de los principales retos a los que se enfrenta un profesionista es el de hablar en p\u00fablico. \u00c9sta es quiz\u00e1s la competencia laboral m\u00e1s efectiva para buscar impactar en otras personas.<\/p>\n\n\n\n<p>Son tres las modalidades b\u00e1sicas para desenvolverse ante audiencias: en grupos cerrados, como en reuniones directivas, juntas, encuentros informativos, presentaciones de resultados, conferencias de medios y sesiones de trabajo; ante p\u00fablicos masivos, es decir, en conferencias concurridas, auditorios llenos, asambleas y m\u00edtines; y frente a c\u00e1maras, con la frialdad de un aparato, sin p\u00fablico f\u00edsicamente presente, pero virtual y potencialmente ampl\u00edsimo. <\/p>\n\n\n\n<p>Cada uno de los escenarios anteriores requiere el desarrollo profesional de cualidades distintas, sin embargo, en cualquiera de los casos, la fortaleza de hablar en p\u00fablico, se resume en tres conocimientos eje que son fundamentales. El primero es el de la comunicaci\u00f3n verbal. Aqu\u00ed entran las aptitudes entrenadas para exponer oralmente, desarrollar las ideas y, en general, traducir lo escrito al habla y comunicarlo a una audiencia.<\/p>\n\n\n\n<p>El segundo eje con el que se tiene que trabajar es el de la imagen p\u00fablica y sus elementos de comunicaci\u00f3n no verbal. En otras palabras, postura, contexto, tono de voz, distancias, uso de los brazos y las manos, gestos y miradas, vestuario y en general una congruencia entre la persona y su mensaje.<\/p>\n\n\n\n<p>Por supuesto que el tercer conocimiento eje tiene que ver con la construcci\u00f3n del discurso, un tema de alt\u00edsima relevancia. Y es que, antes de decir algo que impacte, se tiene que elaborar una estrategia para ello, y definir al menos tres ideas particulares sobre un solo objetivo general que, a su vez, sea parte de un dise\u00f1o integral. Al final de todo, un mensaje que convenza o invite a las personas a decidir debe construirse a partir de intenci\u00f3n, claridad y congruencia.<\/p>\n\n\n\n<p>*Jorge Oropeza. Presidente del Colegio de Profesionistas Compartir Conocimiento A.C.<\/p>\n","protected":false},"excerpt":{"rendered":"<p>Oaxaca de Ju\u00e1rez, Oax. 27 de mayo de 2020.- Uno de los principales retos a los que se enfrenta un profesionista es el de hablar en p\u00fablico. \u00c9sta es quiz\u00e1s la competencia laboral m\u00e1s efectiva para buscar impactar en otras personas. Son tres las modalidades b\u00e1sicas para desenvolverse ante audiencias: en grupos cerrados, como en&#8230;<\/p>\n","protected":false},"author":4,"featured_media":4117,"comment_status":"closed","ping_status":"closed","sticky":false,"template":"","format":"standard","meta":{"footnotes":""},"categories":[51],"tags":[],"class_list":["post-4116","post","type-post","status-publish","format-standard","has-post-thumbnail","hentry","category-perspectiva"],"_links":{"self":[{"href":"https:\/\/fdnoaxaca.net\/index.php\/wp-json\/wp\/v2\/posts\/4116","targetHints":{"allow":["GET"]}}],"collection":[{"href":"https:\/\/fdnoaxaca.net\/index.php\/wp-json\/wp\/v2\/posts"}],"about":[{"href":"https:\/\/fdnoaxaca.net\/index.php\/wp-json\/wp\/v2\/types\/post"}],"author":[{"embeddable":true,"href":"https:\/\/fdnoaxaca.net\/index.php\/wp-json\/wp\/v2\/users\/4"}],"replies":[{"embeddable":true,"href":"https:\/\/fdnoaxaca.net\/index.php\/wp-json\/wp\/v2\/comments?post=4116"}],"version-history":[{"count":1,"href":"https:\/\/fdnoaxaca.net\/index.php\/wp-json\/wp\/v2\/posts\/4116\/revisions"}],"predecessor-version":[{"id":4118,"href":"https:\/\/fdnoaxaca.net\/index.php\/wp-json\/wp\/v2\/posts\/4116\/revisions\/4118"}],"wp:featuredmedia":[{"embeddable":true,"href":"https:\/\/fdnoaxaca.net\/index.php\/wp-json\/wp\/v2\/media\/4117"}],"wp:attachment":[{"href":"https:\/\/fdnoaxaca.net\/index.php\/wp-json\/wp\/v2\/media?parent=4116"}],"wp:term":[{"taxonomy":"category","embeddable":true,"href":"https:\/\/fdnoaxaca.net\/index.php\/wp-json\/wp\/v2\/categories?post=4116"},{"taxonomy":"post_tag","embeddable":true,"href":"https:\/\/fdnoaxaca.net\/index.php\/wp-json\/wp\/v2\/tags?post=4116"}],"curies":[{"name":"wp","href":"https:\/\/api.w.org\/{rel}","templated":true}]}}