{"id":4159,"date":"2020-05-31T01:31:40","date_gmt":"2020-05-31T01:31:40","guid":{"rendered":"http:\/\/fdnoaxaca.net\/?p=4159"},"modified":"2020-05-31T01:31:44","modified_gmt":"2020-05-31T01:31:44","slug":"se-forma-la-depresion-tropical-dos-e-en-el-pacifico-preven-lluvias-torrenciales-en-oaxaca","status":"publish","type":"post","link":"https:\/\/fdnoaxaca.net\/index.php\/2020\/05\/31\/se-forma-la-depresion-tropical-dos-e-en-el-pacifico-preven-lluvias-torrenciales-en-oaxaca\/","title":{"rendered":"Se forma la depresi\u00f3n tropical Dos-E en el Pac\u00edfico; prev\u00e9n lluvias torrenciales en Oaxaca"},"content":{"rendered":"\n<p>Oaxaca de Ju\u00e1rez, Oax. 30 de mayo de 2020.- Este s\u00e1bado se form\u00f3 la depresi\u00f3n tropical Dos-E en el oc\u00e9ano Pac\u00edfico, a partir de una zona de baja presi\u00f3n.<\/p>\n\n\n\n<p>A las 16:00 horas, se localiz\u00f3 aproximadamente a 180 kil\u00f3metros al sur de San Jos\u00e9, Guatemala, y a 275 kil\u00f3metros al sur-sureste de la desembocadura del r\u00edo Suchiate, frontera entre M\u00e9xico y Guatemala, con vientos m\u00e1ximos de 45 kil\u00f3metros por hora, rachas de 65 kil\u00f3metros por hora y movimiento al nor-noroeste a seis kil\u00f3metros por hora, con rumbo a las costas de Guatemala, donde se espera impacte en el transcurso de la noche y las primeras horas de ma\u00f1ana.<\/p>\n\n\n\n<figure class=\"wp-block-embed-youtube wp-block-embed is-type-video is-provider-youtube wp-embed-aspect-16-9 wp-has-aspect-ratio\"><div class=\"wp-block-embed__wrapper\">\n<iframe loading=\"lazy\" title=\"Se forma la depresi\u00f3n tropical Dos-E en el Pac\u00edfico; prev\u00e9n lluvias torrenciales en Oaxaca\" width=\"640\" height=\"360\" src=\"https:\/\/www.youtube.com\/embed\/GL2g8Ee0ycQ?feature=oembed\" frameborder=\"0\" allow=\"accelerometer; autoplay; clipboard-write; encrypted-media; gyroscope; picture-in-picture; web-share\" referrerpolicy=\"strict-origin-when-cross-origin\" allowfullscreen><\/iframe>\n<\/div><\/figure>\n\n\n\n<p>Las bandas nubosas del sistema ocasionar\u00e1n lluvias torrenciales en Chiapas, Oaxaca, Tabasco y el sur de Veracruz; muy fuertes en la pen\u00ednsula de Yucat\u00e1n, y oleaje de dos a tres metros en el Golfo de Tehuantepec, condiciones que dar\u00e1n inicio a un temporal de lluvias en el sureste de M\u00e9xico, el cual se prev\u00e9 que dure, al menos cuatro d\u00edas, con acumulados extraordinarios en regiones de Chiapas, Oaxaca, Tabasco y Veracruz. <\/p>\n\n\n\n<p>Con esas precipitaciones podr\u00eda haber deslaves, aumento en los caudales de r\u00edos y arroyos e inundaciones en zonas bajas.<\/p>\n\n\n\n<p>Para el domingo, se prev\u00e9n acumulados de lluvia en 24 horas en Chiapas y Oaxaca, en la Pen\u00ednsula de Yucat\u00e1n y en Veracruz. Para el lunes, se prev\u00e9n estas mismas condiciones en Chiapas, Oaxaca, Tabasco y Veracruz.<\/p>\n","protected":false},"excerpt":{"rendered":"<p>Oaxaca de Ju\u00e1rez, Oax. 30 de mayo de 2020.- Este s\u00e1bado se form\u00f3 la depresi\u00f3n tropical Dos-E en el oc\u00e9ano Pac\u00edfico, a partir de una zona de baja presi\u00f3n. A las 16:00 horas, se localiz\u00f3 aproximadamente a 180 kil\u00f3metros al sur de San Jos\u00e9, Guatemala, y a 275 kil\u00f3metros al sur-sureste de la desembocadura del&#8230;<\/p>\n","protected":false},"author":4,"featured_media":4160,"comment_status":"closed","ping_status":"closed","sticky":false,"template":"","format":"standard","meta":{"footnotes":""},"categories":[4,49],"tags":[],"class_list":["post-4159","post","type-post","status-publish","format-standard","has-post-thumbnail","hentry","category-general","category-titulares"],"_links":{"self":[{"href":"https:\/\/fdnoaxaca.net\/index.php\/wp-json\/wp\/v2\/posts\/4159","targetHints":{"allow":["GET"]}}],"collection":[{"href":"https:\/\/fdnoaxaca.net\/index.php\/wp-json\/wp\/v2\/posts"}],"about":[{"href":"https:\/\/fdnoaxaca.net\/index.php\/wp-json\/wp\/v2\/types\/post"}],"author":[{"embeddable":true,"href":"https:\/\/fdnoaxaca.net\/index.php\/wp-json\/wp\/v2\/users\/4"}],"replies":[{"embeddable":true,"href":"https:\/\/fdnoaxaca.net\/index.php\/wp-json\/wp\/v2\/comments?post=4159"}],"version-history":[{"count":1,"href":"https:\/\/fdnoaxaca.net\/index.php\/wp-json\/wp\/v2\/posts\/4159\/revisions"}],"predecessor-version":[{"id":4161,"href":"https:\/\/fdnoaxaca.net\/index.php\/wp-json\/wp\/v2\/posts\/4159\/revisions\/4161"}],"wp:featuredmedia":[{"embeddable":true,"href":"https:\/\/fdnoaxaca.net\/index.php\/wp-json\/wp\/v2\/media\/4160"}],"wp:attachment":[{"href":"https:\/\/fdnoaxaca.net\/index.php\/wp-json\/wp\/v2\/media?parent=4159"}],"wp:term":[{"taxonomy":"category","embeddable":true,"href":"https:\/\/fdnoaxaca.net\/index.php\/wp-json\/wp\/v2\/categories?post=4159"},{"taxonomy":"post_tag","embeddable":true,"href":"https:\/\/fdnoaxaca.net\/index.php\/wp-json\/wp\/v2\/tags?post=4159"}],"curies":[{"name":"wp","href":"https:\/\/api.w.org\/{rel}","templated":true}]}}