{"id":4165,"date":"2020-06-01T21:28:59","date_gmt":"2020-06-01T21:28:59","guid":{"rendered":"http:\/\/fdnoaxaca.net\/?p=4165"},"modified":"2020-06-01T21:29:01","modified_gmt":"2020-06-01T21:29:01","slug":"protestan-policias-contra-autoridad-local-ante-falta-de-proteccion-para-enfrentar-el-covid-19","status":"publish","type":"post","link":"https:\/\/fdnoaxaca.net\/index.php\/2020\/06\/01\/protestan-policias-contra-autoridad-local-ante-falta-de-proteccion-para-enfrentar-el-covid-19\/","title":{"rendered":"Protestan polic\u00edas contra autoridad local ante falta de protecci\u00f3n para enfrentar el Covid-19"},"content":{"rendered":"\n<p>Oaxaca de Ju\u00e1rez, Oax. 1 de junio de 2020.- Polic\u00edas municipales de la ciudad de Oaxaca volvieron a protestar este lunes contra la autoridad local, a quien anuncian de negligencia, por no abastecer el equipo de protecci\u00f3n necesario para enfrentar la pandemia del Covid-19.<\/p>\n\n\n\n<p>Esta ma\u00f1ana de lunes se manifestaron afuera del Palacio Municipal para exigir la destituci\u00f3n de sus directivos, Aquileo S\u00e1nchez y Marcos Freddy, a quienes acusan de ser omisos para preparar a la Polic\u00eda, quien enfrenta la pandemia del coronavirus.<\/p>\n\n\n\n<p>Denunciaron que por no contar con la protecci\u00f3n necesaria, dos polic\u00edas m\u00e1s murieron el domingo por Covid-19, con lo cual a la fecha suman cuatro polic\u00edas fallecidos.<\/p>\n\n\n\n<p>Tras ello, solicitan al mun\u00edcipe Oswaldo Garc\u00eda Jarqu\u00edn, el retiro de los filtros sanitarios que est\u00e1n en la Central de Abasto, porque aseguran que es la zona donde el personal policial se ha contagiado.<\/p>\n\n\n\n<p>Asimismo, demandan la aplicaci\u00f3n de pruebas de detecci\u00f3n del Covid-19 en todo el personal de la Polic\u00eda Municipal.<\/p>\n\n\n\n<p>&#8220;Queremos gente que de verdad est\u00e9 preparada en el \u00e1mbito policial, y que tenga calidad humana para con todos los compa\u00f1eros, si ellos hubieran hecho caso desde el primer d\u00eda que nosotros les entregamos el primer documento, ninguno de nuestros compa\u00f1eros hubiera fallecido y estuvi\u00e9ramos todos aqu\u00ed trabajando, pero a ellos no les interesa nuestra vida&#8221;, se\u00f1alaron.<\/p>\n\n\n\n<p>Oaxaca se encuentra en sem\u00e1foro rojo debido al incremento de casos de contagio, que hasta el 31 de mayo sumaban mil 416 casos, de los cuales 154 pacientes han fallecido.<\/p>\n","protected":false},"excerpt":{"rendered":"<p>Oaxaca de Ju\u00e1rez, Oax. 1 de junio de 2020.- Polic\u00edas municipales de la ciudad de Oaxaca volvieron a protestar este lunes contra la autoridad local, a quien anuncian de negligencia, por no abastecer el equipo de protecci\u00f3n necesario para enfrentar la pandemia del Covid-19. Esta ma\u00f1ana de lunes se manifestaron afuera del Palacio Municipal para&#8230;<\/p>\n","protected":false},"author":4,"featured_media":4166,"comment_status":"closed","ping_status":"closed","sticky":false,"template":"","format":"standard","meta":{"footnotes":""},"categories":[4,49],"tags":[],"class_list":["post-4165","post","type-post","status-publish","format-standard","has-post-thumbnail","hentry","category-general","category-titulares"],"_links":{"self":[{"href":"https:\/\/fdnoaxaca.net\/index.php\/wp-json\/wp\/v2\/posts\/4165","targetHints":{"allow":["GET"]}}],"collection":[{"href":"https:\/\/fdnoaxaca.net\/index.php\/wp-json\/wp\/v2\/posts"}],"about":[{"href":"https:\/\/fdnoaxaca.net\/index.php\/wp-json\/wp\/v2\/types\/post"}],"author":[{"embeddable":true,"href":"https:\/\/fdnoaxaca.net\/index.php\/wp-json\/wp\/v2\/users\/4"}],"replies":[{"embeddable":true,"href":"https:\/\/fdnoaxaca.net\/index.php\/wp-json\/wp\/v2\/comments?post=4165"}],"version-history":[{"count":1,"href":"https:\/\/fdnoaxaca.net\/index.php\/wp-json\/wp\/v2\/posts\/4165\/revisions"}],"predecessor-version":[{"id":4167,"href":"https:\/\/fdnoaxaca.net\/index.php\/wp-json\/wp\/v2\/posts\/4165\/revisions\/4167"}],"wp:featuredmedia":[{"embeddable":true,"href":"https:\/\/fdnoaxaca.net\/index.php\/wp-json\/wp\/v2\/media\/4166"}],"wp:attachment":[{"href":"https:\/\/fdnoaxaca.net\/index.php\/wp-json\/wp\/v2\/media?parent=4165"}],"wp:term":[{"taxonomy":"category","embeddable":true,"href":"https:\/\/fdnoaxaca.net\/index.php\/wp-json\/wp\/v2\/categories?post=4165"},{"taxonomy":"post_tag","embeddable":true,"href":"https:\/\/fdnoaxaca.net\/index.php\/wp-json\/wp\/v2\/tags?post=4165"}],"curies":[{"name":"wp","href":"https:\/\/api.w.org\/{rel}","templated":true}]}}