{"id":4169,"date":"2020-06-02T01:36:35","date_gmt":"2020-06-02T01:36:35","guid":{"rendered":"http:\/\/fdnoaxaca.net\/?p=4169"},"modified":"2020-06-02T01:36:37","modified_gmt":"2020-06-02T01:36:37","slug":"muere-bebe-por-covid-19-en-oaxaca-suman-164-pacientes-fallecidos","status":"publish","type":"post","link":"https:\/\/fdnoaxaca.net\/index.php\/2020\/06\/02\/muere-bebe-por-covid-19-en-oaxaca-suman-164-pacientes-fallecidos\/","title":{"rendered":"Muere beb\u00e9 por Covid-19 en Oaxaca; suman 164 pacientes fallecidos"},"content":{"rendered":"\n<p>Oaxaca de Ju\u00e1rez, Oax. 1 de junio de 2020.- Un beb\u00e9 menor de un a\u00f1o de edad muri\u00f3 en Oaxaca por Covid-19 en las \u00faltimas 24 horas.<\/p>\n\n\n\n<p>Los Servicios de Salud de Oaxaca informaron que el menor es uno de los 10 pacientes que fallecieron en un d\u00eda en el estado a causa de este virus, con los cuales al 1 de junio han muerto en total 164 personas, 52 de ellas eran mujeres y 112 hombres.<\/p>\n\n\n\n<p>De acuerdo con la dependencia, el beb\u00e9 viv\u00eda en San Pedro Ixtlahuaca y no presentaba ning\u00fan otro padecimiento. Las otras nueve personas fallecidas en las \u00faltimas 24 horas eran de San Antonio de la Cal, la ciudad de Oaxaca, San Bartolo Coyotepec, Santa Cruz Amilpas, Santa Mar\u00eda Alotepec, Santo Domingo Tehuantepec, y Tuxtepec.<\/p>\n\n\n\n<p>Asimismo, este lunes se confirmaron 96 casos nuevos de contagio, con lo cual la cifra aument\u00f3 a mil 512 casos en el estado.<\/p>\n\n\n\n<p>En tanto, a nivel nacional M\u00e9xico super\u00f3 las 10 mil muertes por Covid-19 en el primer d\u00eda de la nueva normalidad; este 1 de junio suman 93 mil 435 casos, de los cuales 10 mil 167 pacientes han muerto.<\/p>\n","protected":false},"excerpt":{"rendered":"<p>Oaxaca de Ju\u00e1rez, Oax. 1 de junio de 2020.- Un beb\u00e9 menor de un a\u00f1o de edad muri\u00f3 en Oaxaca por Covid-19 en las \u00faltimas 24 horas. Los Servicios de Salud de Oaxaca informaron que el menor es uno de los 10 pacientes que fallecieron en un d\u00eda en el estado a causa de este&#8230;<\/p>\n","protected":false},"author":4,"featured_media":3417,"comment_status":"closed","ping_status":"closed","sticky":false,"template":"","format":"standard","meta":{"footnotes":""},"categories":[4,49],"tags":[],"class_list":["post-4169","post","type-post","status-publish","format-standard","has-post-thumbnail","hentry","category-general","category-titulares"],"_links":{"self":[{"href":"https:\/\/fdnoaxaca.net\/index.php\/wp-json\/wp\/v2\/posts\/4169","targetHints":{"allow":["GET"]}}],"collection":[{"href":"https:\/\/fdnoaxaca.net\/index.php\/wp-json\/wp\/v2\/posts"}],"about":[{"href":"https:\/\/fdnoaxaca.net\/index.php\/wp-json\/wp\/v2\/types\/post"}],"author":[{"embeddable":true,"href":"https:\/\/fdnoaxaca.net\/index.php\/wp-json\/wp\/v2\/users\/4"}],"replies":[{"embeddable":true,"href":"https:\/\/fdnoaxaca.net\/index.php\/wp-json\/wp\/v2\/comments?post=4169"}],"version-history":[{"count":1,"href":"https:\/\/fdnoaxaca.net\/index.php\/wp-json\/wp\/v2\/posts\/4169\/revisions"}],"predecessor-version":[{"id":4170,"href":"https:\/\/fdnoaxaca.net\/index.php\/wp-json\/wp\/v2\/posts\/4169\/revisions\/4170"}],"wp:featuredmedia":[{"embeddable":true,"href":"https:\/\/fdnoaxaca.net\/index.php\/wp-json\/wp\/v2\/media\/3417"}],"wp:attachment":[{"href":"https:\/\/fdnoaxaca.net\/index.php\/wp-json\/wp\/v2\/media?parent=4169"}],"wp:term":[{"taxonomy":"category","embeddable":true,"href":"https:\/\/fdnoaxaca.net\/index.php\/wp-json\/wp\/v2\/categories?post=4169"},{"taxonomy":"post_tag","embeddable":true,"href":"https:\/\/fdnoaxaca.net\/index.php\/wp-json\/wp\/v2\/tags?post=4169"}],"curies":[{"name":"wp","href":"https:\/\/api.w.org\/{rel}","templated":true}]}}