{"id":4206,"date":"2020-06-04T03:33:08","date_gmt":"2020-06-04T03:33:08","guid":{"rendered":"http:\/\/fdnoaxaca.net\/?p=4206"},"modified":"2020-06-04T03:33:10","modified_gmt":"2020-06-04T03:33:10","slug":"refuerza-sspo-medidas-preventivas-y-monitorea-los-11-centros-penitenciarios-por-covid-19","status":"publish","type":"post","link":"https:\/\/fdnoaxaca.net\/index.php\/2020\/06\/04\/refuerza-sspo-medidas-preventivas-y-monitorea-los-11-centros-penitenciarios-por-covid-19\/","title":{"rendered":"Refuerza SSPO medidas preventivas y monitorea los 11 Centros Penitenciarios por COVID-19"},"content":{"rendered":"\n<p><strong>Oaxaca de Ju\u00e1rez, Oax. 03 de junio de 2020.<\/strong>&nbsp;Tras haber realizado las pruebas correspondientes, los Servicios de Salud de Oaxaca (SSO), confirmaron seis casos positivos del virus SARS-CoV-2 que provoca la enfermedad COVID-19, en la Penitenciar\u00eda Central de Ixcotel.<\/p>\n\n\n\n<p>As\u00ed lo inform\u00f3, la Secretar\u00eda de Seguridad P\u00fablica de Oaxaca (SSPO), que a trav\u00e9s de la Subsecretar\u00eda de Prevenci\u00f3n y Reinserci\u00f3n Social, mantiene el monitoreo permanente del estado de salud de las Personas Privadas de Libertad (PPL) afectadas; as\u00ed como, comunicaci\u00f3n constante con sus familias.<\/p>\n\n\n\n<p>Con respecto al Centro Penitenciario de Tanivet, las siete Personas Privadas de Libertad a quienes se les detect\u00f3 el virus, ya se encuentran en franca recuperaci\u00f3n.<\/p>\n\n\n\n<p>De acuerdo con el protocolo de salud, desde el primer momento de registrarse los s\u00edntomas, dichas personas se han mantenido en aislamiento, bajo vigilancia y observaci\u00f3n permanentes, con las debidas precauciones sanitarias. El personal y la poblaci\u00f3n penitenciaria que estuvo en contacto con ellas, se encuentra bajo las mismas medidas de atenci\u00f3n y observaci\u00f3n m\u00e9dica.<\/p>\n\n\n\n<p>En coordinaci\u00f3n con los SSO, se monitorea permanentemente los 11 Centros Penitenciarios de la entidad; manteniendo y reforzando las medidas y acciones de prevenci\u00f3n sanitaria en los mismos.<\/p>\n","protected":false},"excerpt":{"rendered":"<p>Oaxaca de Ju\u00e1rez, Oax. 03 de junio de 2020.&nbsp;Tras haber realizado las pruebas correspondientes, los Servicios de Salud de Oaxaca (SSO), confirmaron seis casos positivos del virus SARS-CoV-2 que provoca la enfermedad COVID-19, en la Penitenciar\u00eda Central de Ixcotel. As\u00ed lo inform\u00f3, la Secretar\u00eda de Seguridad P\u00fablica de Oaxaca (SSPO), que a trav\u00e9s de la&#8230;<\/p>\n","protected":false},"author":4,"featured_media":4207,"comment_status":"closed","ping_status":"closed","sticky":false,"template":"","format":"standard","meta":{"footnotes":""},"categories":[4],"tags":[],"class_list":["post-4206","post","type-post","status-publish","format-standard","has-post-thumbnail","hentry","category-general"],"_links":{"self":[{"href":"https:\/\/fdnoaxaca.net\/index.php\/wp-json\/wp\/v2\/posts\/4206","targetHints":{"allow":["GET"]}}],"collection":[{"href":"https:\/\/fdnoaxaca.net\/index.php\/wp-json\/wp\/v2\/posts"}],"about":[{"href":"https:\/\/fdnoaxaca.net\/index.php\/wp-json\/wp\/v2\/types\/post"}],"author":[{"embeddable":true,"href":"https:\/\/fdnoaxaca.net\/index.php\/wp-json\/wp\/v2\/users\/4"}],"replies":[{"embeddable":true,"href":"https:\/\/fdnoaxaca.net\/index.php\/wp-json\/wp\/v2\/comments?post=4206"}],"version-history":[{"count":1,"href":"https:\/\/fdnoaxaca.net\/index.php\/wp-json\/wp\/v2\/posts\/4206\/revisions"}],"predecessor-version":[{"id":4208,"href":"https:\/\/fdnoaxaca.net\/index.php\/wp-json\/wp\/v2\/posts\/4206\/revisions\/4208"}],"wp:featuredmedia":[{"embeddable":true,"href":"https:\/\/fdnoaxaca.net\/index.php\/wp-json\/wp\/v2\/media\/4207"}],"wp:attachment":[{"href":"https:\/\/fdnoaxaca.net\/index.php\/wp-json\/wp\/v2\/media?parent=4206"}],"wp:term":[{"taxonomy":"category","embeddable":true,"href":"https:\/\/fdnoaxaca.net\/index.php\/wp-json\/wp\/v2\/categories?post=4206"},{"taxonomy":"post_tag","embeddable":true,"href":"https:\/\/fdnoaxaca.net\/index.php\/wp-json\/wp\/v2\/tags?post=4206"}],"curies":[{"name":"wp","href":"https:\/\/api.w.org\/{rel}","templated":true}]}}