{"id":4221,"date":"2020-06-04T23:12:36","date_gmt":"2020-06-04T23:12:36","guid":{"rendered":"http:\/\/fdnoaxaca.net\/?p=4221"},"modified":"2020-06-04T23:12:40","modified_gmt":"2020-06-04T23:12:40","slug":"ante-acelerado-contagio-de-covid-19-en-oaxaca-llama-gobernador-a-aislamiento-total","status":"publish","type":"post","link":"https:\/\/fdnoaxaca.net\/index.php\/2020\/06\/04\/ante-acelerado-contagio-de-covid-19-en-oaxaca-llama-gobernador-a-aislamiento-total\/","title":{"rendered":"Ante acelerado contagio de Covid-19 en Oaxaca, llama gobernador a aislamiento total"},"content":{"rendered":"\n<p>Oaxaca de Ju\u00e1rez, Oax. 4 de junio de 2020.- Tras el incremento de contagio de Covid-19 en Oaxaca, el gobernador Alejandro Murat Hinojosa llam\u00f3 a la poblaci\u00f3n a un aislamiento total para reducir el riesgo.<\/p>\n\n\n\n<p>Acompa\u00f1ado de representantes de los tres niveles de gobierno, este jueves desde Palacio de Gobierno de Oaxaca exhort\u00f3 a los habitantes a colaborar para disminuir el contagio, que hasta el momento suman mil 771 casos positivos, de los cuales 201 pacientes han muerto.<\/p>\n\n\n\n<p>La nueva medida contempla un aislamiento total durante los siguientes 10 d\u00edas, a partir de este viernes 5 hasta el 15 de junio en el estado, donde la poblaci\u00f3n solo podr\u00e1 salir por cuestiones de salud y alimentaci\u00f3n.<\/p>\n\n\n\n<p>&#8220;Quiero hacer una convocatoria voluntaria con toda la sociedad oaxaque\u00f1a, en especial de los Valles Centrales, para el aislamiento total. Que toda la poblaci\u00f3n se quede en sus casas y que solo las personas salgan para actividades de salud y de alimentaci\u00f3n&#8221;, declar\u00f3.<\/p>\n\n\n\n<p>Reiter\u00f3 que la colaboraci\u00f3n de la poblaci\u00f3n es voluntaria, pero necesaria, por lo que la exhort\u00f3 a elegir la vida.<\/p>\n\n\n\n<p>&#8220;Que elijas ver a tus hijos crecer, abrazar a tus padres y abuelos, que elijas la vida para salir a disfrutar de las ocho regiones, esta es la tierra donde Dios nunca muere, y elegimos la vida&#8221;, expres\u00f3.<\/p>\n\n\n\n<p>Su mensaje a la poblaci\u00f3n ocurre casi 24 horas despu\u00e9s de que se reportara en un d\u00eda 33 muertos y 148 nuevos casos de Covid-19 en Oaxaca.<\/p>\n\n\n\n<p>Hasta ahora, es la regi\u00f3n de Valles Centrales, principalmente la ciudad de Oaxaca y municipios cercanos como Santa Luc\u00eda del Camino y Santa Cruz Xoxocotl\u00e1n, las zonas de mayor riesgo a causa de esta pandemia en lo que respecta a esta regi\u00f3n del Valle Central; sin embargo, todo el estado est\u00e1 en sem\u00e1foro rojo.<\/p>\n\n\n\n<p>De acuerdo con el titular de los Servicios de Salud de Oaxaca, Donato Casas Escamilla, de los mil 771 casos hasta el momento, mil 242 se concentran en Valles Centrales, donde adem\u00e1s ocurrieron 117 fallecimientos por el coronavirus.<\/p>\n\n\n\n<p>Despu\u00e9s est\u00e1 el Istmo de Tehuantepec con 104 casos positivos, y 59 muertos; Tuxtepec con 197 casos y 35 defunciones; Costa con 78 casos y ocho muertos; Mixteca con 102 confirmados y 18 fallecimientos; Sierra con 48 casos y cuatro muertos.<\/p>\n","protected":false},"excerpt":{"rendered":"<p>Oaxaca de Ju\u00e1rez, Oax. 4 de junio de 2020.- Tras el incremento de contagio de Covid-19 en Oaxaca, el gobernador Alejandro Murat Hinojosa llam\u00f3 a la poblaci\u00f3n a un aislamiento total para reducir el riesgo. Acompa\u00f1ado de representantes de los tres niveles de gobierno, este jueves desde Palacio de Gobierno de Oaxaca exhort\u00f3 a los&#8230;<\/p>\n","protected":false},"author":4,"featured_media":4222,"comment_status":"closed","ping_status":"closed","sticky":false,"template":"","format":"standard","meta":{"footnotes":""},"categories":[4,49],"tags":[],"class_list":["post-4221","post","type-post","status-publish","format-standard","has-post-thumbnail","hentry","category-general","category-titulares"],"_links":{"self":[{"href":"https:\/\/fdnoaxaca.net\/index.php\/wp-json\/wp\/v2\/posts\/4221","targetHints":{"allow":["GET"]}}],"collection":[{"href":"https:\/\/fdnoaxaca.net\/index.php\/wp-json\/wp\/v2\/posts"}],"about":[{"href":"https:\/\/fdnoaxaca.net\/index.php\/wp-json\/wp\/v2\/types\/post"}],"author":[{"embeddable":true,"href":"https:\/\/fdnoaxaca.net\/index.php\/wp-json\/wp\/v2\/users\/4"}],"replies":[{"embeddable":true,"href":"https:\/\/fdnoaxaca.net\/index.php\/wp-json\/wp\/v2\/comments?post=4221"}],"version-history":[{"count":1,"href":"https:\/\/fdnoaxaca.net\/index.php\/wp-json\/wp\/v2\/posts\/4221\/revisions"}],"predecessor-version":[{"id":4223,"href":"https:\/\/fdnoaxaca.net\/index.php\/wp-json\/wp\/v2\/posts\/4221\/revisions\/4223"}],"wp:featuredmedia":[{"embeddable":true,"href":"https:\/\/fdnoaxaca.net\/index.php\/wp-json\/wp\/v2\/media\/4222"}],"wp:attachment":[{"href":"https:\/\/fdnoaxaca.net\/index.php\/wp-json\/wp\/v2\/media?parent=4221"}],"wp:term":[{"taxonomy":"category","embeddable":true,"href":"https:\/\/fdnoaxaca.net\/index.php\/wp-json\/wp\/v2\/categories?post=4221"},{"taxonomy":"post_tag","embeddable":true,"href":"https:\/\/fdnoaxaca.net\/index.php\/wp-json\/wp\/v2\/tags?post=4221"}],"curies":[{"name":"wp","href":"https:\/\/api.w.org\/{rel}","templated":true}]}}