{"id":4251,"date":"2020-06-07T00:00:02","date_gmt":"2020-06-07T00:00:02","guid":{"rendered":"http:\/\/fdnoaxaca.net\/?p=4251"},"modified":"2020-06-07T00:00:06","modified_gmt":"2020-06-07T00:00:06","slug":"por-primera-vez-central-de-abasto-de-la-ciudad-de-oaxaca-cierra-ante-covid-19","status":"publish","type":"post","link":"https:\/\/fdnoaxaca.net\/index.php\/2020\/06\/07\/por-primera-vez-central-de-abasto-de-la-ciudad-de-oaxaca-cierra-ante-covid-19\/","title":{"rendered":"Por primera vez, Central de Abasto de la ciudad de Oaxaca cierra ante Covid-19"},"content":{"rendered":"\n<p>Oaxaca de Ju\u00e1rez, Oax. 6 de junio de 2020.- Por primera vez, y luego de que en Oaxaca los casos de Covid-19 llegaran a los dos mil, la Central de Abasto de la capital del estado estar\u00e1 cerrada por tres d\u00edas.<\/p>\n\n\n\n<p>La zona comercial m\u00e1s grande en Oaxaca, y ubicada en la capital del estado, hab\u00eda sido declarada \u00e1rea de alto riesgo de contagio de este virus, sin embargo, pese a ello, funcionaba de manera normal.<\/p>\n\n\n\n<p>Sin embargo, los comerciantes acordaron que a partir de este s\u00e1bado y hasta el lunes est\u00e9 suspendido el servicio, a fin de reducir el riesgo de contagio.<\/p>\n\n\n\n<p>Derivado de ello, por la ma\u00f1ana de este s\u00e1bado elementos de las corporaciones de Protecci\u00f3n Civil, Polic\u00eda, sanitizaron el lugar, y la zona qued\u00f3 bajo resguardo policial.<\/p>\n\n\n\n<figure class=\"wp-block-image\"><img loading=\"lazy\" decoding=\"async\" width=\"1024\" height=\"768\" src=\"http:\/\/fdnoaxaca.net\/wp-content\/uploads\/2020\/06\/000-02-1024x768.jpeg\" alt=\"\" class=\"wp-image-4252\" srcset=\"https:\/\/fdnoaxaca.net\/wp-content\/uploads\/2020\/06\/000-02-1024x768.jpeg 1024w, https:\/\/fdnoaxaca.net\/wp-content\/uploads\/2020\/06\/000-02-300x225.jpeg 300w, https:\/\/fdnoaxaca.net\/wp-content\/uploads\/2020\/06\/000-02-768x576.jpeg 768w, https:\/\/fdnoaxaca.net\/wp-content\/uploads\/2020\/06\/000-02.jpeg 1280w\" sizes=\"auto, (max-width: 1024px) 100vw, 1024px\" \/><figcaption>Sanitizaci\u00f3n de la central de abasto<\/figcaption><\/figure>\n\n\n\n<p>Respecto de esta zona, la Polic\u00eda Municipal de la ciudad de Oaxaca pidi\u00f3 a la autoridad local el retiro de filtros sanitarios debido a que se\u00f1ala que en el lugar se han contagiado elementos, tres de los cuales han muerto por Covid-19.<\/p>\n\n\n\n<p>Se prev\u00e9 que a partir del martes, el servicio se reanude en la Central de Abasto, donde recientemente los comerciantes resultaron afectados por un incendio que destruy\u00f3 m\u00e1s de 140 locales.<\/p>\n\n\n\n<p>En Oaxaca, hasta el 5 de junio eran dos mil casos de Covid-19, de los cuales 218 pacientes han fallecido.<\/p>\n","protected":false},"excerpt":{"rendered":"<p>Oaxaca de Ju\u00e1rez, Oax. 6 de junio de 2020.- Por primera vez, y luego de que en Oaxaca los casos de Covid-19 llegaran a los dos mil, la Central de Abasto de la capital del estado estar\u00e1 cerrada por tres d\u00edas. La zona comercial m\u00e1s grande en Oaxaca, y ubicada en la capital del estado,&#8230;<\/p>\n","protected":false},"author":4,"featured_media":4253,"comment_status":"closed","ping_status":"closed","sticky":false,"template":"","format":"standard","meta":{"footnotes":""},"categories":[4,49],"tags":[],"class_list":["post-4251","post","type-post","status-publish","format-standard","has-post-thumbnail","hentry","category-general","category-titulares"],"_links":{"self":[{"href":"https:\/\/fdnoaxaca.net\/index.php\/wp-json\/wp\/v2\/posts\/4251","targetHints":{"allow":["GET"]}}],"collection":[{"href":"https:\/\/fdnoaxaca.net\/index.php\/wp-json\/wp\/v2\/posts"}],"about":[{"href":"https:\/\/fdnoaxaca.net\/index.php\/wp-json\/wp\/v2\/types\/post"}],"author":[{"embeddable":true,"href":"https:\/\/fdnoaxaca.net\/index.php\/wp-json\/wp\/v2\/users\/4"}],"replies":[{"embeddable":true,"href":"https:\/\/fdnoaxaca.net\/index.php\/wp-json\/wp\/v2\/comments?post=4251"}],"version-history":[{"count":1,"href":"https:\/\/fdnoaxaca.net\/index.php\/wp-json\/wp\/v2\/posts\/4251\/revisions"}],"predecessor-version":[{"id":4254,"href":"https:\/\/fdnoaxaca.net\/index.php\/wp-json\/wp\/v2\/posts\/4251\/revisions\/4254"}],"wp:featuredmedia":[{"embeddable":true,"href":"https:\/\/fdnoaxaca.net\/index.php\/wp-json\/wp\/v2\/media\/4253"}],"wp:attachment":[{"href":"https:\/\/fdnoaxaca.net\/index.php\/wp-json\/wp\/v2\/media?parent=4251"}],"wp:term":[{"taxonomy":"category","embeddable":true,"href":"https:\/\/fdnoaxaca.net\/index.php\/wp-json\/wp\/v2\/categories?post=4251"},{"taxonomy":"post_tag","embeddable":true,"href":"https:\/\/fdnoaxaca.net\/index.php\/wp-json\/wp\/v2\/tags?post=4251"}],"curies":[{"name":"wp","href":"https:\/\/api.w.org\/{rel}","templated":true}]}}