{"id":4282,"date":"2020-06-09T23:50:31","date_gmt":"2020-06-09T23:50:31","guid":{"rendered":"http:\/\/fdnoaxaca.net\/?p=4282"},"modified":"2020-06-09T23:50:35","modified_gmt":"2020-06-09T23:50:35","slug":"muere-recluso-en-penal-de-tanivet-oaxaca","status":"publish","type":"post","link":"https:\/\/fdnoaxaca.net\/index.php\/2020\/06\/09\/muere-recluso-en-penal-de-tanivet-oaxaca\/","title":{"rendered":"Muere recluso en penal de Tanivet, Oaxaca"},"content":{"rendered":"\n<p>Oaxaca de Ju\u00e1rez, Oax. 9 de junio de 2020.- Un hombre privado de su libertad en el penal varonil de Tanivet muri\u00f3, inform\u00f3 la Secretar\u00eda de Seguridad P\u00fablica.<\/p>\n\n\n\n<p>La causa de muerte a\u00fan no se ha informado, y de acuerdo con la dependencia, se trata de un hombre de 50 a\u00f1os, quien padec\u00eda diabetes, y quien presuntamente estaba aislado por ser parte del grupo de riesgo ante la pandemia del Covid-19.<\/p>\n\n\n\n<p>Indic\u00f3 que esta persona no formaba parte de las siete recluidas y diagnosticadas de Covid-19 el 23 de mayo.<\/p>\n\n\n\n<p>Seg\u00fan la Secretar\u00eda de Salud, la familia del preso fallecido ya fue informada a trav\u00e9s de la Subsecretar\u00eda de Prevenci\u00f3n y Reinserci\u00f3n Social (SPyRS).&nbsp;<\/p>\n\n\n\n<p>Esta es la segunda muerte ocurrida en menos de dos semanas en el sistema penitenciario; el primer fallecimiento sucedi\u00f3 en el penal de Ixcotel, en la zona conurbada a la ciudad de Oaxaca, y hasta el momento no se ha informado de la causa de muerte tampoco.<\/p>\n","protected":false},"excerpt":{"rendered":"<p>Oaxaca de Ju\u00e1rez, Oax. 9 de junio de 2020.- Un hombre privado de su libertad en el penal varonil de Tanivet muri\u00f3, inform\u00f3 la Secretar\u00eda de Seguridad P\u00fablica. La causa de muerte a\u00fan no se ha informado, y de acuerdo con la dependencia, se trata de un hombre de 50 a\u00f1os, quien padec\u00eda diabetes, y&#8230;<\/p>\n","protected":false},"author":4,"featured_media":4283,"comment_status":"closed","ping_status":"closed","sticky":false,"template":"","format":"standard","meta":{"footnotes":""},"categories":[4,49],"tags":[],"class_list":["post-4282","post","type-post","status-publish","format-standard","has-post-thumbnail","hentry","category-general","category-titulares"],"_links":{"self":[{"href":"https:\/\/fdnoaxaca.net\/index.php\/wp-json\/wp\/v2\/posts\/4282","targetHints":{"allow":["GET"]}}],"collection":[{"href":"https:\/\/fdnoaxaca.net\/index.php\/wp-json\/wp\/v2\/posts"}],"about":[{"href":"https:\/\/fdnoaxaca.net\/index.php\/wp-json\/wp\/v2\/types\/post"}],"author":[{"embeddable":true,"href":"https:\/\/fdnoaxaca.net\/index.php\/wp-json\/wp\/v2\/users\/4"}],"replies":[{"embeddable":true,"href":"https:\/\/fdnoaxaca.net\/index.php\/wp-json\/wp\/v2\/comments?post=4282"}],"version-history":[{"count":1,"href":"https:\/\/fdnoaxaca.net\/index.php\/wp-json\/wp\/v2\/posts\/4282\/revisions"}],"predecessor-version":[{"id":4284,"href":"https:\/\/fdnoaxaca.net\/index.php\/wp-json\/wp\/v2\/posts\/4282\/revisions\/4284"}],"wp:featuredmedia":[{"embeddable":true,"href":"https:\/\/fdnoaxaca.net\/index.php\/wp-json\/wp\/v2\/media\/4283"}],"wp:attachment":[{"href":"https:\/\/fdnoaxaca.net\/index.php\/wp-json\/wp\/v2\/media?parent=4282"}],"wp:term":[{"taxonomy":"category","embeddable":true,"href":"https:\/\/fdnoaxaca.net\/index.php\/wp-json\/wp\/v2\/categories?post=4282"},{"taxonomy":"post_tag","embeddable":true,"href":"https:\/\/fdnoaxaca.net\/index.php\/wp-json\/wp\/v2\/tags?post=4282"}],"curies":[{"name":"wp","href":"https:\/\/api.w.org\/{rel}","templated":true}]}}