{"id":4370,"date":"2020-06-19T01:21:29","date_gmt":"2020-06-19T01:21:29","guid":{"rendered":"http:\/\/fdnoaxaca.net\/?p=4370"},"modified":"2020-06-19T01:21:32","modified_gmt":"2020-06-19T01:21:32","slug":"fiscalia-general-logra-vincular-a-proceso-y-poner-en-prision-a-ex-policia-municipal-de-acatlan-de-perez-figueroa-por-homicidio-de-adolescente","status":"publish","type":"post","link":"https:\/\/fdnoaxaca.net\/index.php\/2020\/06\/19\/fiscalia-general-logra-vincular-a-proceso-y-poner-en-prision-a-ex-policia-municipal-de-acatlan-de-perez-figueroa-por-homicidio-de-adolescente\/","title":{"rendered":"Fiscal\u00eda General logra vincular a proceso y poner en prisi\u00f3n a ex polic\u00eda municipal de Acatl\u00e1n de P\u00e9rez Figueroa por homicidio de adolescente"},"content":{"rendered":"\n<p><strong>Oaxaca de Ju\u00e1rez, Oax., 18 de junio de 2020.-<\/strong>&nbsp;Tras una extenuante audiencia que se prolong\u00f3 por casi 12 horas y luego de presentar datos de pruebas suficientes, la Fiscal\u00eda General del Estado de Oaxaca (FGEO), logr\u00f3 obtener del Juzgado de Control de Tuxtepec, auto de vinculaci\u00f3n a proceso contra el ex polic\u00eda municipal de Acatl\u00e1n de P\u00e9rez Figueroa identificado como S. R. R., como probable responsable del homicidio de un adolescente de 16 a\u00f1os, cometido la noche del 9 de junio, en esa localidad de la regi\u00f3n de la Cuenca del Papaloapan.<\/p>\n\n\n\n<p>De acuerdo con la carpeta de investigaci\u00f3n 18130\/FCUEACATL\u00c1N\/2020, el 9 de junio de 2020, alrededor de las 22:30 horas, el adolescente circulaba a bordo de una motocicleta marca Vento color roja en compa\u00f1\u00eda de otros j\u00f3venes sobre la carretera El Amate-Acatl\u00e1n de P\u00e9rez Figueroa, en el tramo carretero Vicente Camalote \u2013a la altura del crucero &#8220;La Cruz&#8221;- cuando la patrulla 023 de la polic\u00eda municipal de Acatl\u00e1n de P\u00e9rez Figueroa, que ven\u00eda en sentido contrario con las luces apagadas, les cerr\u00f3 el paso abruptamente.<\/p>\n\n\n\n<p>Posteriormente, de la cabina trasera de la patrulla descendi\u00f3 el polic\u00eda municipal S. R. R., quien portaba una escopeta y realiz\u00f3 un disparo contra el adolescente, priv\u00e1ndolo de la vida, siendo la causa de la muerte laceraci\u00f3n encef\u00e1lica producida por proyectil de arma de fuego de componentes m\u00faltiples.<\/p>\n\n\n\n<p>Tras ser aprehendido y llevado a audiencia, despu\u00e9s que la Fiscal\u00eda General aportara los datos de prueba suficientes, el Juez de Control de Tuxtepec determin\u00f3 vincular a proceso a S. R. R., imponi\u00e9ndole la medida cautelar de prisi\u00f3n preventiva oficiosa y otorgando 2 meses para el cierre de investigaci\u00f3n complementaria.&nbsp;<\/p>\n","protected":false},"excerpt":{"rendered":"<p>Oaxaca de Ju\u00e1rez, Oax., 18 de junio de 2020.-&nbsp;Tras una extenuante audiencia que se prolong\u00f3 por casi 12 horas y luego de presentar datos de pruebas suficientes, la Fiscal\u00eda General del Estado de Oaxaca (FGEO), logr\u00f3 obtener del Juzgado de Control de Tuxtepec, auto de vinculaci\u00f3n a proceso contra el ex polic\u00eda municipal de Acatl\u00e1n&#8230;<\/p>\n","protected":false},"author":4,"featured_media":4371,"comment_status":"closed","ping_status":"closed","sticky":false,"template":"","format":"standard","meta":{"footnotes":""},"categories":[4],"tags":[],"class_list":["post-4370","post","type-post","status-publish","format-standard","has-post-thumbnail","hentry","category-general"],"_links":{"self":[{"href":"https:\/\/fdnoaxaca.net\/index.php\/wp-json\/wp\/v2\/posts\/4370","targetHints":{"allow":["GET"]}}],"collection":[{"href":"https:\/\/fdnoaxaca.net\/index.php\/wp-json\/wp\/v2\/posts"}],"about":[{"href":"https:\/\/fdnoaxaca.net\/index.php\/wp-json\/wp\/v2\/types\/post"}],"author":[{"embeddable":true,"href":"https:\/\/fdnoaxaca.net\/index.php\/wp-json\/wp\/v2\/users\/4"}],"replies":[{"embeddable":true,"href":"https:\/\/fdnoaxaca.net\/index.php\/wp-json\/wp\/v2\/comments?post=4370"}],"version-history":[{"count":1,"href":"https:\/\/fdnoaxaca.net\/index.php\/wp-json\/wp\/v2\/posts\/4370\/revisions"}],"predecessor-version":[{"id":4372,"href":"https:\/\/fdnoaxaca.net\/index.php\/wp-json\/wp\/v2\/posts\/4370\/revisions\/4372"}],"wp:featuredmedia":[{"embeddable":true,"href":"https:\/\/fdnoaxaca.net\/index.php\/wp-json\/wp\/v2\/media\/4371"}],"wp:attachment":[{"href":"https:\/\/fdnoaxaca.net\/index.php\/wp-json\/wp\/v2\/media?parent=4370"}],"wp:term":[{"taxonomy":"category","embeddable":true,"href":"https:\/\/fdnoaxaca.net\/index.php\/wp-json\/wp\/v2\/categories?post=4370"},{"taxonomy":"post_tag","embeddable":true,"href":"https:\/\/fdnoaxaca.net\/index.php\/wp-json\/wp\/v2\/tags?post=4370"}],"curies":[{"name":"wp","href":"https:\/\/api.w.org\/{rel}","templated":true}]}}