{"id":4395,"date":"2020-06-23T21:36:11","date_gmt":"2020-06-23T21:36:11","guid":{"rendered":"http:\/\/fdnoaxaca.net\/?p=4395"},"modified":"2020-06-23T21:36:14","modified_gmt":"2020-06-23T21:36:14","slug":"aumenta-a-cinco-el-numero-de-victimas-mortales-en-oaxaca-por-sismo-de-magnitud-7-5","status":"publish","type":"post","link":"https:\/\/fdnoaxaca.net\/index.php\/2020\/06\/23\/aumenta-a-cinco-el-numero-de-victimas-mortales-en-oaxaca-por-sismo-de-magnitud-7-5\/","title":{"rendered":"Aumenta a cinco el n\u00famero de v\u00edctimas mortales  en Oaxaca por sismo de magnitud 7.5"},"content":{"rendered":"\n<p>Oaxaca de Ju\u00e1rez, Oax. 23 de junio de 2020.- A cinco ascendi\u00f3 la cifra de personas muertas en Oaxaca por el terremoto de magnitud 7.5 ocurrido este martes en el estado.<\/p>\n\n\n\n<p>De acuerdo con el gobierno de Oaxaca, otras tres personas murieron en la entidad debido a los efectos del sismo que tuvo su epicentro en La Crucecita, en la regi\u00f3n de la Costa.<\/p>\n\n\n\n<p>Se trata de un adulto mayor de 94 a\u00f1os, quien muri\u00f3 en la localidad de San Agust\u00edn Amatengo por la ca\u00edda de una barda; otro de 53 a\u00f1os en Salina Cruz por el colapso de la estructura en la refiner\u00eda \u201cAntonio Doval\u00ed Jaime\u201d; as\u00ed como otro de 26 a\u00f1os en San Francisco Ozolotepec.<\/p>\n\n\n\n<p>Con ello suman cinco v\u00edctimas fatales por este terremoto; las primeras dos muertes confirmadas fueron el de una mujer de 22 a\u00f1os, habitante de la comunidad de La Crucecita, en la regi\u00f3n de la Costa, y un hombre en la comunidad de San Juan Ozolotepec, en la regi\u00f3n de la Sierra Sur.<\/p>\n\n\n\n<p>Tras el sismo, las corporaciones de seguridad, as\u00ed como de las brigadas de los Servicios de Salud de Oaxaca, Protecci\u00f3n Civil y Ej\u00e9rcito Mexicano se han desplegado en el estado para atender a la poblaci\u00f3n.<\/p>\n\n\n\n<p>Este fen\u00f3meno tambi\u00e9n caus\u00f3 da\u00f1os materiales a la red hospitalaria y carretera del estado. En la regi\u00f3n de la Costa, se presentan derrumbes en el tramo de Pochutla a Huatulco y a la altura de San Jos\u00e9 del Pac\u00edfico.<\/p>\n\n\n\n<p>Por otra parte, los Servicios de Salud de Oaxaca informan que en la Jurisdicci\u00f3n Sanitaria de la Costa, el Hospital Comunitario de Santa Mar\u00eda Huatulco present\u00f3 la ca\u00edda de barda perimetral, as\u00ed como la ca\u00edda y cuarteadura de losetas en interiores, por lo que se evacuaron a tres pacientes hospitalizados.<\/p>\n\n\n\n<p>De igual manera, el CESSA Huatulco reporta tambi\u00e9n da\u00f1os visibles en infraestructura, por lo que se desaloj\u00f3 al personal y pacientes, en espera de evaluaci\u00f3n por protecci\u00f3n civil del inmueble; y en el Hospital General de San Pedro Pochutla tambi\u00e9n se desalojaron a 10 pacientes que se encontraban hospitalizados, incluyendo un paciente sospechoso de Covid-19.<\/p>\n\n\n\n<p>En los Valles Centrales de Oaxaca, se reportan que el monumento de Benito Ju\u00e1rez, ubicado sobre la carretera internacional 190, presenta da\u00f1os estructurales. Tambi\u00e9n en San Sebasti\u00e1n Tutla, se presentan grietas en la fachada de la entrada principal de la iglesia municipal, ca\u00edda de una barda perimetral de aproximadamente 10 metros sobre prolongaci\u00f3n de Anonal de una unidad habitacional.<\/p>\n\n\n\n<p>En Tlacolula de Matamoros, en el Palacio Municipal una columna de cantera que ya presentaba da\u00f1os, se averi\u00f3 m\u00e1s. En el centro de la poblaci\u00f3n cayeron  tabiques en las calles de Morelos. Se acordonaron dos bardas en la calle Le\u00f3n Bello y privada de Le\u00f3n Bello y en la calle Victoria. <\/p>\n\n\n\n<p>En el fraccionamiento Ciudad Yagul hubo grietas con da\u00f1os menores en 12 edificios de la Manzana 28 y 19 en la Manzana 26.   <\/p>\n\n\n\n<p>En Miahuatl\u00e1n de Porfirio D\u00edaz, se desplom\u00f3 en la calle Palma 101 una barda de 13 metros de largo y altura 2.50 metros sobre la calle construida con adobe, ya se encuentra una m\u00e1quina pesada laborando. Se presentan da\u00f1os estructurales de la facha del templo.<\/p>\n\n\n\n<p>Por otra parte, en el Istmo de Tehuantepec, la refiner\u00eda &#8220;Antonio Doval\u00ed Jaime&#8221; en Salina Cruz par\u00f3 tres de sus plantas por el registro de disparo en los turbo generadores y caldera, lo que provoc\u00f3 un conato de incendio que ya fue sofocado.<\/p>\n","protected":false},"excerpt":{"rendered":"<p>Oaxaca de Ju\u00e1rez, Oax. 23 de junio de 2020.- A cinco ascendi\u00f3 la cifra de personas muertas en Oaxaca por el terremoto de magnitud 7.5 ocurrido este martes en el estado. De acuerdo con el gobierno de Oaxaca, otras tres personas murieron en la entidad debido a los efectos del sismo que tuvo su epicentro&#8230;<\/p>\n","protected":false},"author":4,"featured_media":4396,"comment_status":"closed","ping_status":"closed","sticky":false,"template":"","format":"standard","meta":{"footnotes":""},"categories":[4,49],"tags":[],"class_list":["post-4395","post","type-post","status-publish","format-standard","has-post-thumbnail","hentry","category-general","category-titulares"],"_links":{"self":[{"href":"https:\/\/fdnoaxaca.net\/index.php\/wp-json\/wp\/v2\/posts\/4395","targetHints":{"allow":["GET"]}}],"collection":[{"href":"https:\/\/fdnoaxaca.net\/index.php\/wp-json\/wp\/v2\/posts"}],"about":[{"href":"https:\/\/fdnoaxaca.net\/index.php\/wp-json\/wp\/v2\/types\/post"}],"author":[{"embeddable":true,"href":"https:\/\/fdnoaxaca.net\/index.php\/wp-json\/wp\/v2\/users\/4"}],"replies":[{"embeddable":true,"href":"https:\/\/fdnoaxaca.net\/index.php\/wp-json\/wp\/v2\/comments?post=4395"}],"version-history":[{"count":1,"href":"https:\/\/fdnoaxaca.net\/index.php\/wp-json\/wp\/v2\/posts\/4395\/revisions"}],"predecessor-version":[{"id":4397,"href":"https:\/\/fdnoaxaca.net\/index.php\/wp-json\/wp\/v2\/posts\/4395\/revisions\/4397"}],"wp:featuredmedia":[{"embeddable":true,"href":"https:\/\/fdnoaxaca.net\/index.php\/wp-json\/wp\/v2\/media\/4396"}],"wp:attachment":[{"href":"https:\/\/fdnoaxaca.net\/index.php\/wp-json\/wp\/v2\/media?parent=4395"}],"wp:term":[{"taxonomy":"category","embeddable":true,"href":"https:\/\/fdnoaxaca.net\/index.php\/wp-json\/wp\/v2\/categories?post=4395"},{"taxonomy":"post_tag","embeddable":true,"href":"https:\/\/fdnoaxaca.net\/index.php\/wp-json\/wp\/v2\/tags?post=4395"}],"curies":[{"name":"wp","href":"https:\/\/api.w.org\/{rel}","templated":true}]}}