{"id":4433,"date":"2020-06-25T02:27:32","date_gmt":"2020-06-25T02:27:32","guid":{"rendered":"http:\/\/fdnoaxaca.net\/?p=4433"},"modified":"2020-06-25T02:27:34","modified_gmt":"2020-06-25T02:27:34","slug":"matan-a-regidor-de-loma-bonita","status":"publish","type":"post","link":"https:\/\/fdnoaxaca.net\/index.php\/2020\/06\/25\/matan-a-regidor-de-loma-bonita\/","title":{"rendered":"Matan a regidor de Loma Bonita"},"content":{"rendered":"\n<p>Oaxaca de Ju\u00e1rez, Oax. 24 de junio de 2020.- El regidor de Ecolog\u00eda del ayuntamiento de Loma Bonita, \u00d3scar L\u00f3pez, fue asesinado este mi\u00e9rcoles en este municipio de la regi\u00f3n de la Cuenca del Papaloapan de Oaxaca.<\/p>\n\n\n\n<p>De acuerdo con el reporte preliminar, el funcionario municipal, de profesi\u00f3n arquitecto, fue baleado esta tarde de mi\u00e9rcoles afuera de un edificio en construcci\u00f3n, sobre la calle de Macedonio Alcal\u00e1, en el municipio de Loma Bonita.<\/p>\n\n\n\n<p>Hasta ahora no existe ning\u00fan responsable detenido por este crimen.<\/p>\n\n\n\n<p>Al respecto, la Fiscal\u00eda General de Justicia del estado inici\u00f3 la carpeta de investigaci\u00f3n 19537\/FCUE\/TUX\/2020 por el homicidio del regidor.<\/p>\n\n\n\n<p>La zona fue acordonada e intervienen en las diligencias agentes estatales de investigaci\u00f3n, elementos del Ministerio P\u00fablico y peritos.<\/p>\n","protected":false},"excerpt":{"rendered":"<p>Oaxaca de Ju\u00e1rez, Oax. 24 de junio de 2020.- El regidor de Ecolog\u00eda del ayuntamiento de Loma Bonita, \u00d3scar L\u00f3pez, fue asesinado este mi\u00e9rcoles en este municipio de la regi\u00f3n de la Cuenca del Papaloapan de Oaxaca. De acuerdo con el reporte preliminar, el funcionario municipal, de profesi\u00f3n arquitecto, fue baleado esta tarde de mi\u00e9rcoles&#8230;<\/p>\n","protected":false},"author":4,"featured_media":4434,"comment_status":"closed","ping_status":"closed","sticky":false,"template":"","format":"standard","meta":{"footnotes":""},"categories":[4,49],"tags":[],"class_list":["post-4433","post","type-post","status-publish","format-standard","has-post-thumbnail","hentry","category-general","category-titulares"],"_links":{"self":[{"href":"https:\/\/fdnoaxaca.net\/index.php\/wp-json\/wp\/v2\/posts\/4433","targetHints":{"allow":["GET"]}}],"collection":[{"href":"https:\/\/fdnoaxaca.net\/index.php\/wp-json\/wp\/v2\/posts"}],"about":[{"href":"https:\/\/fdnoaxaca.net\/index.php\/wp-json\/wp\/v2\/types\/post"}],"author":[{"embeddable":true,"href":"https:\/\/fdnoaxaca.net\/index.php\/wp-json\/wp\/v2\/users\/4"}],"replies":[{"embeddable":true,"href":"https:\/\/fdnoaxaca.net\/index.php\/wp-json\/wp\/v2\/comments?post=4433"}],"version-history":[{"count":1,"href":"https:\/\/fdnoaxaca.net\/index.php\/wp-json\/wp\/v2\/posts\/4433\/revisions"}],"predecessor-version":[{"id":4435,"href":"https:\/\/fdnoaxaca.net\/index.php\/wp-json\/wp\/v2\/posts\/4433\/revisions\/4435"}],"wp:featuredmedia":[{"embeddable":true,"href":"https:\/\/fdnoaxaca.net\/index.php\/wp-json\/wp\/v2\/media\/4434"}],"wp:attachment":[{"href":"https:\/\/fdnoaxaca.net\/index.php\/wp-json\/wp\/v2\/media?parent=4433"}],"wp:term":[{"taxonomy":"category","embeddable":true,"href":"https:\/\/fdnoaxaca.net\/index.php\/wp-json\/wp\/v2\/categories?post=4433"},{"taxonomy":"post_tag","embeddable":true,"href":"https:\/\/fdnoaxaca.net\/index.php\/wp-json\/wp\/v2\/tags?post=4433"}],"curies":[{"name":"wp","href":"https:\/\/api.w.org\/{rel}","templated":true}]}}