{"id":4442,"date":"2020-06-25T23:55:17","date_gmt":"2020-06-25T23:55:17","guid":{"rendered":"http:\/\/fdnoaxaca.net\/?p=4442"},"modified":"2020-06-25T23:55:20","modified_gmt":"2020-06-25T23:55:20","slug":"musico-invidente-de-oaxaca-ofrece-su-musica-a-cambio-de-apoyo-para-sobrevivir-ante-crisis-por-pandemia","status":"publish","type":"post","link":"https:\/\/fdnoaxaca.net\/index.php\/2020\/06\/25\/musico-invidente-de-oaxaca-ofrece-su-musica-a-cambio-de-apoyo-para-sobrevivir-ante-crisis-por-pandemia\/","title":{"rendered":"M\u00fasico invidente de Oaxaca ofrece su m\u00fasica a cambio de apoyo para sobrevivir ante crisis por pandemia"},"content":{"rendered":"\n<p>Oaxaca de Ju\u00e1rez, Oax. 25 de junio de 2020.- \u00bfRecuerda el sonido del acorde\u00f3n que acompa\u00f1aba su camino por el andador tur\u00edstico de la ciudad de Oaxaca?<br>\nSeguramente no ha olvidado esa fotograf\u00eda: Un m\u00fasico invidente tocando su instrumento para ganarse la vida, afuera de los imponentes edificios de cantera verde.<\/p>\n\n\n\n<p>Es Maximino Cruz P\u00e9rez, conocido como &#8220;Max&#8221;, quien a trav\u00e9s de la m\u00fasica se sostiene, pero hoy, debido a la contingencia por la pandemia mundial del Covid-19, que alcanz\u00f3 a Oaxaca, ya no est\u00e1n por el Centro Hist\u00f3rico de la capital del estado esos turistas y oaxaque\u00f1os que lo ayudaban con una moneda.<\/p>\n\n\n\n<p>Max es uno de los miles de habitantes afectados por la crisis que ha generado la pandemia, y ante esta situaci\u00f3n, ofrece un intercambio para sobrevivir: compartir su m\u00fasica a trav\u00e9s de apoyo.<\/p>\n\n\n\n<p>&#8220;Soy feliz haciendo m\u00fasica, y con ella puedo retribuir tu generoso apoyo&#8221;, expresa Max a trav\u00e9s de un v\u00eddeo compartido en Facebook para darse a conocer en busca de salir adelante.<\/p>\n\n\n\n<p>&#8220;Mi instrumento es el acorde\u00f3n, a trav\u00e9s de este medio quiero agradecer la ayuda que me puedas brindar para poder sobrellevar la situaci\u00f3n econ\u00f3mica dif\u00edcil en la que me encuentro, debido a la crisis originada por la pandemia&#8221;, refiere.<\/p>\n\n\n\n<p>En su v\u00eddeo pone a disposici\u00f3n su n\u00famero telef\u00f3nico 951 242 25 74.<\/p>\n\n\n\n<p>\u00a1Perm\u00edteme ofrecer mi m\u00fasica, a cambio de un apoyo. Muchas gracias!, despide Max.<\/p>\n","protected":false},"excerpt":{"rendered":"<p>Oaxaca de Ju\u00e1rez, Oax. 25 de junio de 2020.- \u00bfRecuerda el sonido del acorde\u00f3n que acompa\u00f1aba su camino por el andador tur\u00edstico de la ciudad de Oaxaca? Seguramente no ha olvidado esa fotograf\u00eda: Un m\u00fasico invidente tocando su instrumento para ganarse la vida, afuera de los imponentes edificios de cantera verde. Es Maximino Cruz P\u00e9rez,&#8230;<\/p>\n","protected":false},"author":4,"featured_media":4443,"comment_status":"closed","ping_status":"closed","sticky":false,"template":"","format":"standard","meta":{"footnotes":""},"categories":[4,49],"tags":[],"class_list":["post-4442","post","type-post","status-publish","format-standard","has-post-thumbnail","hentry","category-general","category-titulares"],"_links":{"self":[{"href":"https:\/\/fdnoaxaca.net\/index.php\/wp-json\/wp\/v2\/posts\/4442","targetHints":{"allow":["GET"]}}],"collection":[{"href":"https:\/\/fdnoaxaca.net\/index.php\/wp-json\/wp\/v2\/posts"}],"about":[{"href":"https:\/\/fdnoaxaca.net\/index.php\/wp-json\/wp\/v2\/types\/post"}],"author":[{"embeddable":true,"href":"https:\/\/fdnoaxaca.net\/index.php\/wp-json\/wp\/v2\/users\/4"}],"replies":[{"embeddable":true,"href":"https:\/\/fdnoaxaca.net\/index.php\/wp-json\/wp\/v2\/comments?post=4442"}],"version-history":[{"count":1,"href":"https:\/\/fdnoaxaca.net\/index.php\/wp-json\/wp\/v2\/posts\/4442\/revisions"}],"predecessor-version":[{"id":4444,"href":"https:\/\/fdnoaxaca.net\/index.php\/wp-json\/wp\/v2\/posts\/4442\/revisions\/4444"}],"wp:featuredmedia":[{"embeddable":true,"href":"https:\/\/fdnoaxaca.net\/index.php\/wp-json\/wp\/v2\/media\/4443"}],"wp:attachment":[{"href":"https:\/\/fdnoaxaca.net\/index.php\/wp-json\/wp\/v2\/media?parent=4442"}],"wp:term":[{"taxonomy":"category","embeddable":true,"href":"https:\/\/fdnoaxaca.net\/index.php\/wp-json\/wp\/v2\/categories?post=4442"},{"taxonomy":"post_tag","embeddable":true,"href":"https:\/\/fdnoaxaca.net\/index.php\/wp-json\/wp\/v2\/tags?post=4442"}],"curies":[{"name":"wp","href":"https:\/\/api.w.org\/{rel}","templated":true}]}}