{"id":4494,"date":"2020-07-08T16:39:43","date_gmt":"2020-07-08T16:39:43","guid":{"rendered":"http:\/\/fdnoaxaca.net\/?p=4494"},"modified":"2020-07-08T16:39:47","modified_gmt":"2020-07-08T16:39:47","slug":"transmitira-seculta-video-sobre-el-arte-figurativo-y-el-fotorrealismo","status":"publish","type":"post","link":"https:\/\/fdnoaxaca.net\/index.php\/2020\/07\/08\/transmitira-seculta-video-sobre-el-arte-figurativo-y-el-fotorrealismo\/","title":{"rendered":"Transmitir\u00e1 Seculta video sobre el arte figurativo y el fotorrealismo"},"content":{"rendered":"\n<p>Oaxaca de Ju\u00e1rez, Oax. 8 de julio de 2020.- \u201cEl arte figurativo y el fotorrealismo\u201d es uno de los proyectos seleccionados por la convocatoria CurArte de la Secretar\u00eda de las Culturas y Artes de Oaxaca (Seculta), y ser\u00e1 presentado a trav\u00e9s de las redes sociales de la dependencia este mi\u00e9rcoles 8 de julio a las 14:00 horas.<\/p>\n\n\n\n<p>El video presentado por Quetzalli Aquino Valera, tiene como objetivo describir aspectos y caracter\u00edsticas propias de este g\u00e9nero pict\u00f3rico, as\u00ed como una ligera rese\u00f1a hist\u00f3rica.<\/p>\n\n\n\n<p>En el arte contempor\u00e1neo, el t\u00e9rmino &#8220;fotorrealismo&#8221; o &#8220;realismo fotogr\u00e1fico&#8221;, describe un estilo muy detallado del siglo XX, pintura realista en el que el artista intenta replicar una imagen de una fotograf\u00eda con toda su precisi\u00f3n microsc\u00f3pica.<\/p>\n\n\n\n<p>\u201cEl arte figurativo y el fotorrealismo\u201d, describe aspectos y caracter\u00edsticas propias de este g\u00e9nero pict\u00f3rico, y a trav\u00e9s de este video Quetzalli Aquino Valera, nos mostrar\u00e1 algunas obras realizadas por la autora y se describir\u00e1 el proceso de creaci\u00f3n.<\/p>\n\n\n\n<p>As\u00ed mismo mostrar\u00e1 de manera sintetizada una obra fotorrealista y una breve, pero detallada explicaci\u00f3n de una pieza que lleva meses de trabajo.<\/p>\n\n\n\n<p>Quetzalli Aquino Valera, ha realizado exposiciones colectivas e individuales en lugares como la Galer\u00eda Monte Alb\u00e1n, Laberinto, Caf\u00e9 El Placer, as\u00ed como el evento cultural \u201cGrito de mujer\u201d.<\/p>\n\n\n\n<p>Este video ser\u00e1 transmitido en las plataformas de Facebook: https:\/\/www.facebook.com\/seculta\/, en la cuenta de Youtube: SECULTA GobOax y en la p\u00e1gina web de la dependencia: https:\/\/www.oaxaca.gob.mx\/seculta.<\/p>\n","protected":false},"excerpt":{"rendered":"<p>Oaxaca de Ju\u00e1rez, Oax. 8 de julio de 2020.- \u201cEl arte figurativo y el fotorrealismo\u201d es uno de los proyectos seleccionados por la convocatoria CurArte de la Secretar\u00eda de las Culturas y Artes de Oaxaca (Seculta), y ser\u00e1 presentado a trav\u00e9s de las redes sociales de la dependencia este mi\u00e9rcoles 8 de julio a las&#8230;<\/p>\n","protected":false},"author":4,"featured_media":4495,"comment_status":"closed","ping_status":"closed","sticky":false,"template":"","format":"standard","meta":{"footnotes":""},"categories":[4],"tags":[],"class_list":["post-4494","post","type-post","status-publish","format-standard","has-post-thumbnail","hentry","category-general"],"_links":{"self":[{"href":"https:\/\/fdnoaxaca.net\/index.php\/wp-json\/wp\/v2\/posts\/4494","targetHints":{"allow":["GET"]}}],"collection":[{"href":"https:\/\/fdnoaxaca.net\/index.php\/wp-json\/wp\/v2\/posts"}],"about":[{"href":"https:\/\/fdnoaxaca.net\/index.php\/wp-json\/wp\/v2\/types\/post"}],"author":[{"embeddable":true,"href":"https:\/\/fdnoaxaca.net\/index.php\/wp-json\/wp\/v2\/users\/4"}],"replies":[{"embeddable":true,"href":"https:\/\/fdnoaxaca.net\/index.php\/wp-json\/wp\/v2\/comments?post=4494"}],"version-history":[{"count":1,"href":"https:\/\/fdnoaxaca.net\/index.php\/wp-json\/wp\/v2\/posts\/4494\/revisions"}],"predecessor-version":[{"id":4496,"href":"https:\/\/fdnoaxaca.net\/index.php\/wp-json\/wp\/v2\/posts\/4494\/revisions\/4496"}],"wp:featuredmedia":[{"embeddable":true,"href":"https:\/\/fdnoaxaca.net\/index.php\/wp-json\/wp\/v2\/media\/4495"}],"wp:attachment":[{"href":"https:\/\/fdnoaxaca.net\/index.php\/wp-json\/wp\/v2\/media?parent=4494"}],"wp:term":[{"taxonomy":"category","embeddable":true,"href":"https:\/\/fdnoaxaca.net\/index.php\/wp-json\/wp\/v2\/categories?post=4494"},{"taxonomy":"post_tag","embeddable":true,"href":"https:\/\/fdnoaxaca.net\/index.php\/wp-json\/wp\/v2\/tags?post=4494"}],"curies":[{"name":"wp","href":"https:\/\/api.w.org\/{rel}","templated":true}]}}