{"id":4504,"date":"2020-07-09T12:55:28","date_gmt":"2020-07-09T12:55:28","guid":{"rendered":"http:\/\/fdnoaxaca.net\/?p=4504"},"modified":"2020-07-09T12:55:31","modified_gmt":"2020-07-09T12:55:31","slug":"vinculan-a-proceso-a-individuo-acusado-de-matar-a-su-madre-en-huajuapan","status":"publish","type":"post","link":"https:\/\/fdnoaxaca.net\/index.php\/2020\/07\/09\/vinculan-a-proceso-a-individuo-acusado-de-matar-a-su-madre-en-huajuapan\/","title":{"rendered":"Vinculan a proceso a individuo acusado de matar a su madre en Huajuapan"},"content":{"rendered":"\n<p>Oaxaca de Ju\u00e1rez, Oax. 9 de julio de 2020.- Un individuo identificado como J. C. L. S., acusado de presuntamente asesinar a su madre en Oaxaca, fue vinculado a proceso.<\/p>\n\n\n\n<p>Es se\u00f1alado como probable responsable del delito de feminicidio en agravio de su propia madre identificada como R. M. S. C., cometido en jurisdicci\u00f3n de Huajuapan de Le\u00f3n, municipio de la regi\u00f3n de la Mixteca.<\/p>\n\n\n\n<p>Tras la investigaci\u00f3n de la Fiscal\u00eda General de Justicia del Estado, el probable responsable fue aprehendido por agentes investigadores el 2 de julio de 2020 y presentado de forma inmediata ante la autoridad judicial que lo requiri\u00f3 por el delito antes mencionado.<\/p>\n\n\n\n<p>De acuerdo con la causa penal 173\/2020, el 27 de junio de 2020, aproximadamente entre las 05:00 y 06:00 horas, el imputado agredi\u00f3 con un machete a su mam\u00e1, priv\u00e1ndola de la vida. Posteriormente, calcin\u00f3 el cuerpo y lo inhum\u00f3 en el patio de su domicilio particular, ubicado en la agencia de Agua Dulce, Huajuapan de Le\u00f3n.<\/p>\n\n\n\n<p>Ante estos hechos, la Instituci\u00f3n de procuraci\u00f3n de justicia inici\u00f3 la investigaci\u00f3n \u2013a trav\u00e9s de la Vicefiscal\u00eda Regional de la Mixteca-, ejecutando en primera instancia una b\u00fasqueda por el delito de desaparici\u00f3n cometida por particulares los d\u00edas 27 y 28 de junio, obteniendo posteriormente la orden de aprehensi\u00f3n y ejecut\u00e1ndola contra el probable feminicida.<\/p>\n\n\n\n<p>En audiencia y tras validar los datos de prueba proporcionados por la Fiscal\u00eda, el Juez de Control determin\u00f3 vincular a proceso a J. C. L. S., imponi\u00e9ndole la medida cautelar de prisi\u00f3n preventiva y otorg\u00f3 cuatro meses para el cierre de investigaci\u00f3n complementaria.<\/p>\n","protected":false},"excerpt":{"rendered":"<p>Oaxaca de Ju\u00e1rez, Oax. 9 de julio de 2020.- Un individuo identificado como J. C. L. S., acusado de presuntamente asesinar a su madre en Oaxaca, fue vinculado a proceso. Es se\u00f1alado como probable responsable del delito de feminicidio en agravio de su propia madre identificada como R. M. S. C., cometido en jurisdicci\u00f3n de&#8230;<\/p>\n","protected":false},"author":4,"featured_media":4505,"comment_status":"closed","ping_status":"closed","sticky":false,"template":"","format":"standard","meta":{"footnotes":""},"categories":[4],"tags":[],"class_list":["post-4504","post","type-post","status-publish","format-standard","has-post-thumbnail","hentry","category-general"],"_links":{"self":[{"href":"https:\/\/fdnoaxaca.net\/index.php\/wp-json\/wp\/v2\/posts\/4504","targetHints":{"allow":["GET"]}}],"collection":[{"href":"https:\/\/fdnoaxaca.net\/index.php\/wp-json\/wp\/v2\/posts"}],"about":[{"href":"https:\/\/fdnoaxaca.net\/index.php\/wp-json\/wp\/v2\/types\/post"}],"author":[{"embeddable":true,"href":"https:\/\/fdnoaxaca.net\/index.php\/wp-json\/wp\/v2\/users\/4"}],"replies":[{"embeddable":true,"href":"https:\/\/fdnoaxaca.net\/index.php\/wp-json\/wp\/v2\/comments?post=4504"}],"version-history":[{"count":1,"href":"https:\/\/fdnoaxaca.net\/index.php\/wp-json\/wp\/v2\/posts\/4504\/revisions"}],"predecessor-version":[{"id":4506,"href":"https:\/\/fdnoaxaca.net\/index.php\/wp-json\/wp\/v2\/posts\/4504\/revisions\/4506"}],"wp:featuredmedia":[{"embeddable":true,"href":"https:\/\/fdnoaxaca.net\/index.php\/wp-json\/wp\/v2\/media\/4505"}],"wp:attachment":[{"href":"https:\/\/fdnoaxaca.net\/index.php\/wp-json\/wp\/v2\/media?parent=4504"}],"wp:term":[{"taxonomy":"category","embeddable":true,"href":"https:\/\/fdnoaxaca.net\/index.php\/wp-json\/wp\/v2\/categories?post=4504"},{"taxonomy":"post_tag","embeddable":true,"href":"https:\/\/fdnoaxaca.net\/index.php\/wp-json\/wp\/v2\/tags?post=4504"}],"curies":[{"name":"wp","href":"https:\/\/api.w.org\/{rel}","templated":true}]}}