{"id":4562,"date":"2020-07-15T15:24:04","date_gmt":"2020-07-15T15:24:04","guid":{"rendered":"http:\/\/fdnoaxaca.net\/?p=4562"},"modified":"2020-07-15T15:24:07","modified_gmt":"2020-07-15T15:24:07","slug":"rescatan-a-nina-que-sufria-maltrato-en-oaxaca","status":"publish","type":"post","link":"https:\/\/fdnoaxaca.net\/index.php\/2020\/07\/15\/rescatan-a-nina-que-sufria-maltrato-en-oaxaca\/","title":{"rendered":"Rescatan a ni\u00f1a que sufr\u00eda maltrato en Oaxaca"},"content":{"rendered":"\n<p>Oaxaca de Ju\u00e1rez, Oax. 15 de julio de 2020.- Una ni\u00f1a de 11 a\u00f1os fue rescatada por la Polic\u00eda Municipal de la ciudad de Oaxaca, de su hogar donde viv\u00eda maltrato infantil presuntamente por parte de sus padres.<\/p>\n\n\n\n<p>A trav\u00e9s de la Direcci\u00f3n de Seguridad P\u00fablica, Vialidad y Protecci\u00f3n Ciudadana, la Polic\u00eda recuper\u00f3 a la menor de edad que se encontraba encerrada en una vivienda de la agencia de Montoya, con signos visibles de violencia f\u00edsica.<\/p>\n\n\n\n<p>El director de Seguridad P\u00fablica, Vialidad y Protecci\u00f3n Ciudadana, Aquileo S\u00e1nchez Castellanos, inform\u00f3 fue la autoridad auxiliar de la agencia, quien hizo la llamada de alerta y auxilio a las autoridades municipales, esto al recibir un reporte ciudadano y constituirse en el lugar para corroborar que efectivamente una menor requer\u00eda apoyo para su rescate.<\/p>\n\n\n\n<p>Explic\u00f3 que esta intervenci\u00f3n se logr\u00f3 con la reacci\u00f3n y respuesta de elementos de la corporaci\u00f3n municipal adscritos a la Unidad de Atenci\u00f3n a V\u00edctimas por Raz\u00f3n de G\u00e9nero, quienes fueron movilizados para brindar el auxilio.<\/p>\n\n\n\n<p>Al constituirse en el sitio, los uniformados municipales contactaron al propietario del inmueble para poder ingresar al lugar; una vez al interior, una menor de 11 a\u00f1os de edad manifest\u00f3 requerir ayuda al estar en condiciones de cautiverio y con lesiones evidentes de maltrato en distintas partes del cuerpo.<\/p>\n\n\n\n<p>La ni\u00f1a explic\u00f3 a los polic\u00edas municipales que era encerrada constantemente y que era agredida peri\u00f3dicamente por sus padres.<\/p>\n\n\n\n<p>Ante la situaci\u00f3n, la Unidad de Atenci\u00f3n a V\u00edctimas por Raz\u00f3n de G\u00e9nero la rescat\u00f3 para ser presentada ante un juez municipal y certificarla m\u00e9dicamente.<\/p>\n\n\n\n<p>Posteriormente, la menor fue trasladada a la Fiscal\u00eda Especializada para la Atenci\u00f3n a Delitos Contra la Mujer por Raz\u00f3n de G\u00e9nero, en calidad de v\u00edctima para su atenci\u00f3n.<\/p>\n","protected":false},"excerpt":{"rendered":"<p>Oaxaca de Ju\u00e1rez, Oax. 15 de julio de 2020.- Una ni\u00f1a de 11 a\u00f1os fue rescatada por la Polic\u00eda Municipal de la ciudad de Oaxaca, de su hogar donde viv\u00eda maltrato infantil presuntamente por parte de sus padres. A trav\u00e9s de la Direcci\u00f3n de Seguridad P\u00fablica, Vialidad y Protecci\u00f3n Ciudadana, la Polic\u00eda recuper\u00f3 a la&#8230;<\/p>\n","protected":false},"author":4,"featured_media":4563,"comment_status":"closed","ping_status":"closed","sticky":false,"template":"","format":"standard","meta":{"footnotes":""},"categories":[4],"tags":[],"class_list":["post-4562","post","type-post","status-publish","format-standard","has-post-thumbnail","hentry","category-general"],"_links":{"self":[{"href":"https:\/\/fdnoaxaca.net\/index.php\/wp-json\/wp\/v2\/posts\/4562","targetHints":{"allow":["GET"]}}],"collection":[{"href":"https:\/\/fdnoaxaca.net\/index.php\/wp-json\/wp\/v2\/posts"}],"about":[{"href":"https:\/\/fdnoaxaca.net\/index.php\/wp-json\/wp\/v2\/types\/post"}],"author":[{"embeddable":true,"href":"https:\/\/fdnoaxaca.net\/index.php\/wp-json\/wp\/v2\/users\/4"}],"replies":[{"embeddable":true,"href":"https:\/\/fdnoaxaca.net\/index.php\/wp-json\/wp\/v2\/comments?post=4562"}],"version-history":[{"count":1,"href":"https:\/\/fdnoaxaca.net\/index.php\/wp-json\/wp\/v2\/posts\/4562\/revisions"}],"predecessor-version":[{"id":4564,"href":"https:\/\/fdnoaxaca.net\/index.php\/wp-json\/wp\/v2\/posts\/4562\/revisions\/4564"}],"wp:featuredmedia":[{"embeddable":true,"href":"https:\/\/fdnoaxaca.net\/index.php\/wp-json\/wp\/v2\/media\/4563"}],"wp:attachment":[{"href":"https:\/\/fdnoaxaca.net\/index.php\/wp-json\/wp\/v2\/media?parent=4562"}],"wp:term":[{"taxonomy":"category","embeddable":true,"href":"https:\/\/fdnoaxaca.net\/index.php\/wp-json\/wp\/v2\/categories?post=4562"},{"taxonomy":"post_tag","embeddable":true,"href":"https:\/\/fdnoaxaca.net\/index.php\/wp-json\/wp\/v2\/tags?post=4562"}],"curies":[{"name":"wp","href":"https:\/\/api.w.org\/{rel}","templated":true}]}}