{"id":4585,"date":"2020-07-17T04:17:16","date_gmt":"2020-07-17T04:17:16","guid":{"rendered":"http:\/\/fdnoaxaca.net\/?p=4585"},"modified":"2020-07-17T04:17:20","modified_gmt":"2020-07-17T04:17:20","slug":"fallece-municipe-de-tuxtepec-por-covid-19","status":"publish","type":"post","link":"https:\/\/fdnoaxaca.net\/index.php\/2020\/07\/17\/fallece-municipe-de-tuxtepec-por-covid-19\/","title":{"rendered":"Fallece mun\u00edcipe de Tuxtepec por Covid-19"},"content":{"rendered":"\n<p>Oaxaca de Ju\u00e1rez, Oax. 16 de julio de 2020.- El presidente municipal de Tuxtepec, Oaxaca, Fernando Bautista D\u00e1vila, muri\u00f3 la noche de este jueves a causa de Covid-19.<\/p>\n\n\n\n<p>El gobernador Alejandro Murat Hinojosa confirm\u00f3 el fallecimiento del edil de este municipio de la regi\u00f3n de la Cuenca del Papaloapan, uno de los m\u00e1s afectados por la pandemia del coronavirus.<\/p>\n\n\n\n<p>&#8220;Quiero reiterarles que seguiremos trabajando hacia adelante, es un momento de luto\u2026 reiterarles al pueblo de Tuxtepec que no est\u00e1n solos, aqu\u00ed est\u00e1 su gobernador, y seguiremos trabajando por la grandeza de Tuxtepec como, estoy seguro, Fernando siempre tuvo como compromiso y convicci\u00f3n&#8221;, declar\u00f3.<\/p>\n\n\n\n<p>Ante la emergencia sanitaria, el mandatario reiter\u00f3 el llamado a la poblaci\u00f3n a mantener las medidas de prevenci\u00f3n para reducir el riesgo de contagio del virus.<\/p>\n\n\n\n<p>&#8220;Es un trabajo de todos los d\u00edas, debemos de ser met\u00f3dicos, disciplinados, para proteger la vida de nuestros familiares, pero tambi\u00e9n la de nuestros vecinos. Estoy de acuerdo que hay necesidades econ\u00f3micas, pero lo m\u00e1s importante en este momento es la vida&#8221;, se\u00f1al\u00f3.<\/p>\n\n\n\n<p>Oaxaca lleg\u00f3 este 16 de julio a los 8 mil 151 casos de Covid-19, de los cuales a la fecha 784 pacientes han fallecido.<\/p>\n\n\n\n<p>La Jurisdicci\u00f3n Sanitaria de Valles Centrales sigue a la cabeza con la mayor incidencia de contagios con 5 mil 306, seguido de Tuxtepec con mil 167, el Istmo con 748, la Mixteca lleg\u00f3 a los 456, la Costa con 322 y la Sierra (Norte) notific\u00f3 152 contagios. <\/p>\n","protected":false},"excerpt":{"rendered":"<p>Oaxaca de Ju\u00e1rez, Oax. 16 de julio de 2020.- El presidente municipal de Tuxtepec, Oaxaca, Fernando Bautista D\u00e1vila, muri\u00f3 la noche de este jueves a causa de Covid-19. El gobernador Alejandro Murat Hinojosa confirm\u00f3 el fallecimiento del edil de este municipio de la regi\u00f3n de la Cuenca del Papaloapan, uno de los m\u00e1s afectados por&#8230;<\/p>\n","protected":false},"author":4,"featured_media":4586,"comment_status":"closed","ping_status":"closed","sticky":false,"template":"","format":"standard","meta":{"footnotes":""},"categories":[49],"tags":[],"class_list":["post-4585","post","type-post","status-publish","format-standard","has-post-thumbnail","hentry","category-titulares"],"_links":{"self":[{"href":"https:\/\/fdnoaxaca.net\/index.php\/wp-json\/wp\/v2\/posts\/4585","targetHints":{"allow":["GET"]}}],"collection":[{"href":"https:\/\/fdnoaxaca.net\/index.php\/wp-json\/wp\/v2\/posts"}],"about":[{"href":"https:\/\/fdnoaxaca.net\/index.php\/wp-json\/wp\/v2\/types\/post"}],"author":[{"embeddable":true,"href":"https:\/\/fdnoaxaca.net\/index.php\/wp-json\/wp\/v2\/users\/4"}],"replies":[{"embeddable":true,"href":"https:\/\/fdnoaxaca.net\/index.php\/wp-json\/wp\/v2\/comments?post=4585"}],"version-history":[{"count":1,"href":"https:\/\/fdnoaxaca.net\/index.php\/wp-json\/wp\/v2\/posts\/4585\/revisions"}],"predecessor-version":[{"id":4587,"href":"https:\/\/fdnoaxaca.net\/index.php\/wp-json\/wp\/v2\/posts\/4585\/revisions\/4587"}],"wp:featuredmedia":[{"embeddable":true,"href":"https:\/\/fdnoaxaca.net\/index.php\/wp-json\/wp\/v2\/media\/4586"}],"wp:attachment":[{"href":"https:\/\/fdnoaxaca.net\/index.php\/wp-json\/wp\/v2\/media?parent=4585"}],"wp:term":[{"taxonomy":"category","embeddable":true,"href":"https:\/\/fdnoaxaca.net\/index.php\/wp-json\/wp\/v2\/categories?post=4585"},{"taxonomy":"post_tag","embeddable":true,"href":"https:\/\/fdnoaxaca.net\/index.php\/wp-json\/wp\/v2\/tags?post=4585"}],"curies":[{"name":"wp","href":"https:\/\/api.w.org\/{rel}","templated":true}]}}